{"id":205966,"date":"2021-05-01T12:00:50","date_gmt":"2021-05-01T10:00:50","guid":{"rendered":"https:\/\/www.cronacaonline.it\/?p=205966"},"modified":"2021-05-01T12:00:52","modified_gmt":"2021-05-01T10:00:52","slug":"duplice-omicidio-a-dolianova-dei-fratelli-allevatori-calabresi-massimiliano-e-davide-mirabello-di-35-e-40-anni-gli-assassini-scelgono-di-essere-processati-con-il-rito-abbreviato","status":"publish","type":"post","link":"https:\/\/www.cronacaonline.it\/index.php\/2021\/05\/01\/duplice-omicidio-a-dolianova-dei-fratelli-allevatori-calabresi-massimiliano-e-davide-mirabello-di-35-e-40-anni-gli-assassini-scelgono-di-essere-processati-con-il-rito-abbreviato\/","title":{"rendered":"Duplice omicidio a Dolianova dei fratelli allevatori calabresi Massimiliano e Davide Mirabello, di 35 e 40 anni, gli assassini scelgono di essere processati con il rito abbreviato."},"content":{"rendered":"\n<p>Cagliari, 1 Magg 2021 - Joselito Marras, 53enne, arrestato assieme al figlio 28enne Michael, perch\u00e9 accusati di duplice omicidio volontario, hanno scelto la via del rito abbreviato. Si \u00e8 chiusa in questo modo, l\u2019udienza preliminare, che si \u00e8 svolta presso il Tribunale di Cagliari, altro ieri, davanti al giudice, Giorgio Alteri, per l\u2019uccisione degli allevatori calabresi Massimiliano e Davide Mirabello, di 35 e 40 anni, uccisi nelle campagne di Dolianova il 9 febbraio dello scorso anno.<\/p>\n\n\n\n<p>Gli allevatori furono trovati dopo un mese di ricerche e dopo l\u2019arresto e la confessione di Joselito Marras, arrestato assieme al figlio. Entrambi sono accusati di aver ucciso i due fratelli e di aver gettato loro corpi dei calabresi nella macchia mediterranea dove vi pascolavano famelici cinghiali.<\/p>\n\n\n\n<p>Il movente del delitto, secondo il pubblico ministero Gaetano Porcu, che ha condotto le indagini, sarebbe da cercare nelle liti continue per questioni di pascolo e nella tensione che, nel tempo, si era accumulata tra le due famiglie, che ormai si odiavano.<\/p>\n\n\n\n<figure class=\"wp-block-image size-large is-resized\"><img loading=\"lazy\" src=\"https:\/\/www.cronacaonline.it\/wp-content\/uploads\/2021\/05\/Fratelli-calabresi-uccisi-a-dolianova-da-padre-e-figlio-allevatori-del-paese.jpg\" alt=\"\" class=\"wp-image-205967\" width=\"737\" height=\"491\" srcset=\"https:\/\/www.cronacaonline.it\/wp-content\/uploads\/2021\/05\/Fratelli-calabresi-uccisi-a-dolianova-da-padre-e-figlio-allevatori-del-paese.jpg 600w, https:\/\/www.cronacaonline.it\/wp-content\/uploads\/2021\/05\/Fratelli-calabresi-uccisi-a-dolianova-da-padre-e-figlio-allevatori-del-paese-300x200.jpg 300w\" sizes=\"(max-width: 737px) 100vw, 737px\" \/><\/figure>\n\n\n\n<p>Gli imputati, difesi abilmente dagli avvocati Maria Grazia Monni, Patrizio Rovelli e Fabrizio Rubiu, hanno dunque chiesto e ottenuto di essere processati con l\u2019abbreviato.<\/p>\n\n\n\n<p>Nel contempo sono state respinte le richieste d\u2019aggravamento dell\u2019imputazione presentata dai legali delle vittime, Salvatore Sorbilli e Gianfranco Piscitelli, che assistono la famiglia arrivata dalla Calabria e che si \u00e8 costituita parte civile.<\/p>\n\n\n\n<p>Allo stesso tempo \u00e8 stata autorizzata la costituzione anche dell\u2019associazione Penelope, che per un mese aveva cercato i due fratelli scomparsi. Sar\u00e0 rappresentata dall\u2019avvocato Antonello Spada.<\/p>\n\n\n\n<p>Le parti civili infatti, hanno insistito per avere la nuova imputazione e passare all\u2019omicidio aggravato, cos\u00ec da impedire il rito abbreviato e spalancare le porte della Corte d\u2019Assise che avrebbe, in caso di condanna, potuto infliggere l\u2019ergastolo. Ma nel tempo, le indagini, in realt\u00e0, non hanno dimostrato n\u00e9 la premeditazione n\u00e9 i futili motivi.<\/p>\n\n\n\n<p>Infine hanno avuto il rito abbreviato anche Stefano Mura, 43 anni di Dolianova, accusato di favoreggiamento nel delitto e assistito dagli avvocati Gianfranco Trullu e Doriana Perra.<\/p>\n\n\n\n<p>Quindi, \u00e8 terminata a favore della difesa di padre e figlio, la tesissima udienza preliminare, a cui ha preso parte il pi\u00f9 giovane degli imputati e poi, il giudice ha fissato il processo per il 15 giugno, direttamente con la requisitoria del Pubblico Ministero.<\/p>\n","protected":false},"excerpt":{"rendered":"<p>Cagliari, 1 Magg 2021 &#8211; Joselito Marras, 53enne, arrestato assieme al figlio 28enne Michael, perch\u00e9 accusati di duplice omicidio volontario, hanno scelto la via del&#8230;<\/p>\n","protected":false},"author":2,"featured_media":205968,"comment_status":"closed","ping_status":"open","sticky":false,"template":"","format":"standard","meta":[],"categories":[49,55],"tags":[],"_links":{"self":[{"href":"https:\/\/www.cronacaonline.it\/index.php\/wp-json\/wp\/v2\/posts\/205966"}],"collection":[{"href":"https:\/\/www.cronacaonline.it\/index.php\/wp-json\/wp\/v2\/posts"}],"about":[{"href":"https:\/\/www.cronacaonline.it\/index.php\/wp-json\/wp\/v2\/types\/post"}],"author":[{"embeddable":true,"href":"https:\/\/www.cronacaonline.it\/index.php\/wp-json\/wp\/v2\/users\/2"}],"replies":[{"embeddable":true,"href":"https:\/\/www.cronacaonline.it\/index.php\/wp-json\/wp\/v2\/comments?post=205966"}],"version-history":[{"count":1,"href":"https:\/\/www.cronacaonline.it\/index.php\/wp-json\/wp\/v2\/posts\/205966\/revisions"}],"predecessor-version":[{"id":205969,"href":"https:\/\/www.cronacaonline.it\/index.php\/wp-json\/wp\/v2\/posts\/205966\/revisions\/205969"}],"wp:featuredmedia":[{"embeddable":true,"href":"https:\/\/www.cronacaonline.it\/index.php\/wp-json\/wp\/v2\/media\/205968"}],"wp:attachment":[{"href":"https:\/\/www.cronacaonline.it\/index.php\/wp-json\/wp\/v2\/media?parent=205966"}],"wp:term":[{"taxonomy":"category","embeddable":true,"href":"https:\/\/www.cronacaonline.it\/index.php\/wp-json\/wp\/v2\/categories?post=205966"},{"taxonomy":"post_tag","embeddable":true,"href":"https:\/\/www.cronacaonline.it\/index.php\/wp-json\/wp\/v2\/tags?post=205966"}],"curies":[{"name":"wp","href":"https:\/\/api.w.org\/{rel}","templated":true}]}}