{"id":205960,"date":"2021-05-01T09:35:42","date_gmt":"2021-05-01T07:35:42","guid":{"rendered":"https:\/\/www.cronacaonline.it\/?p=205960"},"modified":"2021-05-01T09:35:43","modified_gmt":"2021-05-01T07:35:43","slug":"primo-maggio-tra-riaperture-e-spostamenti-in-attesa-della-ripresa-900-mila-posti-persi","status":"publish","type":"post","link":"https:\/\/www.cronacaonline.it\/index.php\/2021\/05\/01\/primo-maggio-tra-riaperture-e-spostamenti-in-attesa-della-ripresa-900-mila-posti-persi\/","title":{"rendered":"Primo Maggio, tra riaperture e spostamenti, in attesa della ripresa, 900 mila posti persi."},"content":{"rendered":"\n<p>Cagliari, 1 Magg 201 - Nel giorno della Festa del Lavoro, Primo Maggio, i dati sull'occupazione mostrano una ripresa che stenta: quasi 900mila posti sono stati persi dall'inizio della pandemia fino a marzo 2021. Secondo l'Istat soltanto nel primo trimestre del 2021 sono 254mila i lavoratori che si sono fermati. Il blocco dei licenziamenti \u00e8 stato lo strumento che ha arginato il fenomeno.<\/p>\n\n\n\n<p>\"Non possiamo perdere altri posti di lavoro\", dice il segretario generale della Cisl, Luigi Sbarra, chiedendo ancora una volta di mantenere il blocco dei licenziamenti per tutte le&nbsp;aziende fino all'autunno. Le statistiche non prospettano ripresa e il prodotto interno lordo diminuisce ancora nel primo trimestre 2021, dello 0,4% rispetto&nbsp;al quarto trimestre del 2020. Meglio sia della Germania che in qualche modo fa segnare un drastico -1,7% sia delle previsioni&nbsp;del governo che stimava un&nbsp;calo congiunturale dell'1,2%. Su base annua il Pil ha subito una contrazione dell'1,4% rispetto al primo trimestre del 2020. In leggera controtendenza il tasso di disoccupazione che scende di 0,1 punti al 10,1%, grazie al recupero di 34 mila occupati tra febbraio e marzo. Le categorie pi\u00f9 colpite restano giovani e donne. La&nbsp;disoccupazione giovanile torna ai massimi da quasi tre anni, al 33%, mentre il tasso di occupazione femminile raggiunge il livello minimo dal 2016, il 47,5%.<\/p>\n\n\n\n<p>Il Primo maggio \"ha un significato ancora pi\u00f9 importante, perch\u00e9 \u00e8 il lavoro che sconfigger\u00e0 il virus, ed \u00e8 il lavoro delle persone che pu\u00f2 costruire un altro modello sociale. E quindi questa idea che le persone si debbano unire per potersi realizzare meglio nel lavoro e attraverso questo poter cambiare anche la societ\u00e0 \u00e8 un messaggio pi\u00f9 che mai attuale. Anche per rispondere alla solitudine, alla paura e alle difficolt\u00e0 che questa pandemia ha fatto esplodere\", ha commentato il segretario generale della Cgil Maurizio Landini.<\/p>\n\n\n\n<p>Le riaperture dei locali all'aperto nonostante i dubbi, le regioni gi\u00e0 in zona gialla e le altre che si avviano a passare da rosse ad arancione dal prossimo 3 maggio (Basilicata, Puglia, Calabria, Sicilia e Sardegna) costituiscono un nuovo fronte di partenza, anche per il Lavoro. Fermo restando che l'indice di contagio nazionale (Rt) stazioni sotto l'1 e il raggiungimento - a un passo - dell\u2019obiettivo delle 500 mila somministrazioni giornaliere. Nuovi lasciapassare per ulteriori aperture.<\/p>\n\n\n\n<p>\"Non la vedo come una festa ma come una giornata di rabbia\"; \"non \u00e8 una festa ma \u00e8 una giornata di mobilitazione\": le parole del segretario generale della Uil, Pierpaolo Bombardieri, anticipano il clima con cui Cgil, Cisl e Uil si preparano a celebrare oggi il Primo Maggio. Con uno slogan: 'L'Italia si cura con il lavoro'. La scelta dei sindacati confederali su come vivere oggi la festa dei lavoratori \u00e8 doppiamente simbolica: l'emergenza Covid non consente ancora di tornare al tradizionale corteo per un grande manifestazione nazionale ma Cgil, Cisl e Uil saranno in piazza con tre manifestazioni nazionali unitarie, con delegati e&nbsp;operai, non numerosi, con le distanze e le precauzioni necessarie ma dando cos\u00ec un segnale di fiducia sulla prospettiva di ripartenza del Paese; e le manifestazioni saranno in tre luoghi \"simbolici del mondo del lavoro\", diversi per i temi e le realt\u00e0 del territorio che queste tre scelte vanno a sottolineare.<\/p>\n\n\n\n<p>Le tre manifestazioni nazionali unitarie sono a Terni, dove il leader della Cgil, Maurizio Landini, parler\u00e0 dalle acciaierie Ast;&nbsp;a Passo Corese (Rieti), dove dal sito di Amazon parler\u00e0 il segretario generale della Uil, Pierpaolo Bombardieri; il segretario generale della Cisl, Luigi Sbarra, parler\u00e0 dall'Ospedale dei Castelli in localit\u00e0 Fontana di Papa (Roma). I tre interventi saranno in diretta Tv&nbsp;dalle 12:15 alle 13. In&nbsp;tutte le manifestazioni i delegati delle varie categorie&nbsp;interverranno a partire dalle 11:30. Sui social l'hashtag da seguire \u00e8 #1M202. L'emergenza Covid impone ovviamente di rinunciare al Concertone di piazza San Giovanni: si terr\u00e0 presso la cavea dell'Auditorium della Musica (Roma), con una presenza limitata di pubblico.<\/p>\n","protected":false},"excerpt":{"rendered":"<p>Cagliari, 1 Magg 201 &#8211; Nel giorno della Festa del Lavoro, Primo Maggio, i dati sull&#8217;occupazione mostrano una ripresa che stenta: quasi 900mila posti sono&#8230;<\/p>\n","protected":false},"author":2,"featured_media":205334,"comment_status":"closed","ping_status":"open","sticky":false,"template":"","format":"standard","meta":[],"categories":[49,51],"tags":[],"_links":{"self":[{"href":"https:\/\/www.cronacaonline.it\/index.php\/wp-json\/wp\/v2\/posts\/205960"}],"collection":[{"href":"https:\/\/www.cronacaonline.it\/index.php\/wp-json\/wp\/v2\/posts"}],"about":[{"href":"https:\/\/www.cronacaonline.it\/index.php\/wp-json\/wp\/v2\/types\/post"}],"author":[{"embeddable":true,"href":"https:\/\/www.cronacaonline.it\/index.php\/wp-json\/wp\/v2\/users\/2"}],"replies":[{"embeddable":true,"href":"https:\/\/www.cronacaonline.it\/index.php\/wp-json\/wp\/v2\/comments?post=205960"}],"version-history":[{"count":1,"href":"https:\/\/www.cronacaonline.it\/index.php\/wp-json\/wp\/v2\/posts\/205960\/revisions"}],"predecessor-version":[{"id":205961,"href":"https:\/\/www.cronacaonline.it\/index.php\/wp-json\/wp\/v2\/posts\/205960\/revisions\/205961"}],"wp:featuredmedia":[{"embeddable":true,"href":"https:\/\/www.cronacaonline.it\/index.php\/wp-json\/wp\/v2\/media\/205334"}],"wp:attachment":[{"href":"https:\/\/www.cronacaonline.it\/index.php\/wp-json\/wp\/v2\/media?parent=205960"}],"wp:term":[{"taxonomy":"category","embeddable":true,"href":"https:\/\/www.cronacaonline.it\/index.php\/wp-json\/wp\/v2\/categories?post=205960"},{"taxonomy":"post_tag","embeddable":true,"href":"https:\/\/www.cronacaonline.it\/index.php\/wp-json\/wp\/v2\/tags?post=205960"}],"curies":[{"name":"wp","href":"https:\/\/api.w.org\/{rel}","templated":true}]}}