{"id":205880,"date":"2021-04-29T17:13:54","date_gmt":"2021-04-29T15:13:54","guid":{"rendered":"https:\/\/www.cronacaonline.it\/?p=205880"},"modified":"2021-04-29T17:13:55","modified_gmt":"2021-04-29T15:13:55","slug":"recovery-oggi-in-consiglio-dei-ministri-il-via-libera-a-pnrr-e-decreto-su-fondo-extra","status":"publish","type":"post","link":"https:\/\/www.cronacaonline.it\/index.php\/2021\/04\/29\/recovery-oggi-in-consiglio-dei-ministri-il-via-libera-a-pnrr-e-decreto-su-fondo-extra\/","title":{"rendered":"Recovery, oggi in Consiglio dei ministri il via libera a Pnrr e decreto su fondo &#8220;extra&#8221;."},"content":{"rendered":"\n<p>Roma, 29 Apr 2021 - Un nuovo Consiglio dei ministri si svolger\u00e0, a quanto si apprende, nel pomeriggio per l'esame finale del Piano nazionale di ripresa e resilienza.\u00a0Il Cdm che si \u00e8 svolto in mattinata non ha dato il via libera al Recovery plan n\u00e9 ha approvato il decreto legge sul fondo complementare nazionale da 30 miliardi di euro.\u00a0Lo si apprende al termine della riunione. Prima del nuovo Cdm dovrebbe essere convocato un incontro con le Regioni sul testo finale\u00a0che verr\u00e0 inviato a Bruxelles entro domani.<\/p>\n\n\n\n<p>Durante il Cdm a Palazzo Chigi, iniziato alle 12.30 circa, il ministro dell'Economia ha illustrato il Piano di ripresa e resilienza, per un esame finale prima della presentazione alla Commissione europea. Il Cdm \u00e8 iniziato con un'ora di ritardo rispetto alla convocazione ed \u00e8 durato poco pi\u00f9 di un'ora e&nbsp;ha approvato il decreto legge con la proroga di alcuni termini legislativi.<\/p>\n\n\n\n<p>Tra le misure da prorogare lo smart working e il golden power. Non figurano invece tra le misure previste nella bozza del Dl la proroga della sospensione delle cartelle esattoriali e delle concessioni balneari. Infine, all'ordine del giorno compare l'esame di leggi regionali e varie ed eventuali.<\/p>\n\n\n\n<p>La presidenza portoghese metter\u00e0 in calendario l'approvazione dei primi piani\" di Recovery \"all'Ecofin del 18 giugno. Siamo anche pronti a convocare un Ecofin straordinario l'ultima settimana di giugno per approvare la seconda ondata di piani. Non possiamo perdere altro tempo, dobbiamo rilanciare la ripresa\": lo annuncia il primo ministro portoghese Antonio Costa, che detiene la presidenza di turno della Ue, congratulandosi con Francia, Germania e Grecia per l'invio dei piani. Il Portogallo \u00e8 stato il primo a presentarlo.<\/p>\n","protected":false},"excerpt":{"rendered":"<p>Roma, 29 Apr 2021 &#8211; Un nuovo Consiglio dei ministri si svolger\u00e0, a quanto si apprende, nel pomeriggio per l&#8217;esame finale del Piano nazionale di&#8230;<\/p>\n","protected":false},"author":2,"featured_media":170909,"comment_status":"closed","ping_status":"open","sticky":false,"template":"","format":"standard","meta":[],"categories":[49,51],"tags":[],"_links":{"self":[{"href":"https:\/\/www.cronacaonline.it\/index.php\/wp-json\/wp\/v2\/posts\/205880"}],"collection":[{"href":"https:\/\/www.cronacaonline.it\/index.php\/wp-json\/wp\/v2\/posts"}],"about":[{"href":"https:\/\/www.cronacaonline.it\/index.php\/wp-json\/wp\/v2\/types\/post"}],"author":[{"embeddable":true,"href":"https:\/\/www.cronacaonline.it\/index.php\/wp-json\/wp\/v2\/users\/2"}],"replies":[{"embeddable":true,"href":"https:\/\/www.cronacaonline.it\/index.php\/wp-json\/wp\/v2\/comments?post=205880"}],"version-history":[{"count":1,"href":"https:\/\/www.cronacaonline.it\/index.php\/wp-json\/wp\/v2\/posts\/205880\/revisions"}],"predecessor-version":[{"id":205881,"href":"https:\/\/www.cronacaonline.it\/index.php\/wp-json\/wp\/v2\/posts\/205880\/revisions\/205881"}],"wp:featuredmedia":[{"embeddable":true,"href":"https:\/\/www.cronacaonline.it\/index.php\/wp-json\/wp\/v2\/media\/170909"}],"wp:attachment":[{"href":"https:\/\/www.cronacaonline.it\/index.php\/wp-json\/wp\/v2\/media?parent=205880"}],"wp:term":[{"taxonomy":"category","embeddable":true,"href":"https:\/\/www.cronacaonline.it\/index.php\/wp-json\/wp\/v2\/categories?post=205880"},{"taxonomy":"post_tag","embeddable":true,"href":"https:\/\/www.cronacaonline.it\/index.php\/wp-json\/wp\/v2\/tags?post=205880"}],"curies":[{"name":"wp","href":"https:\/\/api.w.org\/{rel}","templated":true}]}}