{"id":205871,"date":"2021-04-29T15:41:43","date_gmt":"2021-04-29T13:41:43","guid":{"rendered":"https:\/\/www.cronacaonline.it\/?p=205871"},"modified":"2021-04-29T15:41:45","modified_gmt":"2021-04-29T13:41:45","slug":"la-sardegna-da-lunedi-rose-in-arancione-tr-scende-a-081","status":"publish","type":"post","link":"https:\/\/www.cronacaonline.it\/index.php\/2021\/04\/29\/la-sardegna-da-lunedi-rose-in-arancione-tr-scende-a-081\/","title":{"rendered":"La Sardegna da Luned\u00ec rose in arancione: Tr scende a 0,81."},"content":{"rendered":"\n<p>Cagliari, 29 Apr 2021 \u2013 Secondo quanto si \u00e8 appreso da fonti sanitarie, probabilmente la Sardegna torna in arancione. Infatti l'indice di contagiosit\u00e0 in Sardegna \u00e8 sceso a livelli accettabile e quindi, secondo quanto si \u00e8 potuto apprendere, l'ultimo Rt registrato si attesta a 0,81.<\/p>\n\n\n\n<p>In Sardegna, se viene confermato questo andamento, sarebbe da zona gialla e non da arancione. Ma per l\u2019unica regione italiana che si trova ancora in zona rossa, dopo che quasi tutta l\u2019Italia \u00e8 in giallo, da luned\u00ec dunque dovrebbe ritornare in arancione ma questo colore non si sa per quanto lo si dovrebbe mantenere se una sola settimana o due come al solito quando vi \u00e8 un cambio di colore. Infatti, come previsto da tutte le ordinanze del ministero della Salute sono valide per due settimane, a meno che - era scritto nell'ultima riguardante la Sardegna - gli indicatori non migliorino.<\/p>\n\n\n\n<p>Al momento per capire cosa succeder\u00e0 nell\u2019Isola da luned\u00ec prossimo, sono in corso, le interlocuzioni tra Regione e il Ministero per chiarire questo aspetto.<\/p>\n\n\n\n<p>Dopo l'ultimo monitoraggio dell'Iss che ha decretato per l'Isola una terza settimana in zona rossa, l'assessore della Sanit\u00e0 Mario Nieddu aveva fatto presente che \"siamo puniti quando ormai siamo fuori pericolo\".<\/p>\n\n\n\n<p>Quindi dopo la zona rossa, la Sardegna vede avvicinarsi il cambio di colore: da luned\u00ec 3, Maggio, se non ci saranno sorprese, la nostra regione passer\u00e0 in zona arancione. L'ufficialit\u00e0 si avr\u00e0 solo domani, con la diffusione della bozza del monitoraggio settimanale dell'Istituto Superiore di Sanit\u00e0 e poi con l'ordinanza del ministro della Salute Roberto Speranza.<\/p>\n","protected":false},"excerpt":{"rendered":"<p>Cagliari, 29 Apr 2021 \u2013 Secondo quanto si \u00e8 appreso da fonti sanitarie, probabilmente la Sardegna torna in arancione. Infatti l&#8217;indice di contagiosit\u00e0 in Sardegna&#8230;<\/p>\n","protected":false},"author":2,"featured_media":205018,"comment_status":"closed","ping_status":"open","sticky":false,"template":"","format":"standard","meta":[],"categories":[49,51],"tags":[],"_links":{"self":[{"href":"https:\/\/www.cronacaonline.it\/index.php\/wp-json\/wp\/v2\/posts\/205871"}],"collection":[{"href":"https:\/\/www.cronacaonline.it\/index.php\/wp-json\/wp\/v2\/posts"}],"about":[{"href":"https:\/\/www.cronacaonline.it\/index.php\/wp-json\/wp\/v2\/types\/post"}],"author":[{"embeddable":true,"href":"https:\/\/www.cronacaonline.it\/index.php\/wp-json\/wp\/v2\/users\/2"}],"replies":[{"embeddable":true,"href":"https:\/\/www.cronacaonline.it\/index.php\/wp-json\/wp\/v2\/comments?post=205871"}],"version-history":[{"count":1,"href":"https:\/\/www.cronacaonline.it\/index.php\/wp-json\/wp\/v2\/posts\/205871\/revisions"}],"predecessor-version":[{"id":205872,"href":"https:\/\/www.cronacaonline.it\/index.php\/wp-json\/wp\/v2\/posts\/205871\/revisions\/205872"}],"wp:featuredmedia":[{"embeddable":true,"href":"https:\/\/www.cronacaonline.it\/index.php\/wp-json\/wp\/v2\/media\/205018"}],"wp:attachment":[{"href":"https:\/\/www.cronacaonline.it\/index.php\/wp-json\/wp\/v2\/media?parent=205871"}],"wp:term":[{"taxonomy":"category","embeddable":true,"href":"https:\/\/www.cronacaonline.it\/index.php\/wp-json\/wp\/v2\/categories?post=205871"},{"taxonomy":"post_tag","embeddable":true,"href":"https:\/\/www.cronacaonline.it\/index.php\/wp-json\/wp\/v2\/tags?post=205871"}],"curies":[{"name":"wp","href":"https:\/\/api.w.org\/{rel}","templated":true}]}}