{"id":205850,"date":"2021-04-29T10:24:49","date_gmt":"2021-04-29T08:24:49","guid":{"rendered":"https:\/\/www.cronacaonline.it\/?p=205850"},"modified":"2021-04-29T10:24:50","modified_gmt":"2021-04-29T08:24:50","slug":"un-46enne-di-cagliari-agli-arresti-domiciliari-per-scontare-una-condanna-a-quasi-due-anni-di-reclusione-per-reati-di-droga-ricettazione-e-lesioni-pesonali","status":"publish","type":"post","link":"https:\/\/www.cronacaonline.it\/index.php\/2021\/04\/29\/un-46enne-di-cagliari-agli-arresti-domiciliari-per-scontare-una-condanna-a-quasi-due-anni-di-reclusione-per-reati-di-droga-ricettazione-e-lesioni-pesonali\/","title":{"rendered":"Un 46enne di Cagliari agli arresti domiciliari per scontare una condanna a quasi due anni di reclusione per reati di droga, ricettazione e lesioni pesonali."},"content":{"rendered":"\n<p>Cagliari, 29 Apr 2021 - Nella serata di ieri 28 aprile, i Carabinieri della Stazione di\u00a0<strong>Ca-<\/strong>Sant\u2019Avendrace hanno dato applicazione a un ordine di esecuzione per l\u2019espiazione di pena detentiva in regime della detenzione domiciliare, emesso dalla Procura della Repubblica presso il Tribunale di Cagliari nei confronti di <strong>P.O., di 46 anni, della citt\u00e0<\/strong>.<\/p>\n\n\n\n<p>L\u2019uomo, che dovr\u00e0 scontare un anno, sette mesi e 8 giorni di reclusione poich\u00e9 condannato per reati di lesioni personali, ricettazione, stupefacenti, dopo le formalit\u00e0 di rito \u00e8 stato accompagnato presso la sua abitazione dove sconter\u00e0 la condanna.<\/p>\n","protected":false},"excerpt":{"rendered":"<p>Cagliari, 29 Apr 2021 &#8211; Nella serata di ieri 28 aprile, i Carabinieri della Stazione di\u00a0Ca-Sant\u2019Avendrace hanno dato applicazione a un ordine di esecuzione per&#8230;<\/p>\n","protected":false},"author":2,"featured_media":161513,"comment_status":"closed","ping_status":"open","sticky":false,"template":"","format":"standard","meta":[],"categories":[49,55],"tags":[],"_links":{"self":[{"href":"https:\/\/www.cronacaonline.it\/index.php\/wp-json\/wp\/v2\/posts\/205850"}],"collection":[{"href":"https:\/\/www.cronacaonline.it\/index.php\/wp-json\/wp\/v2\/posts"}],"about":[{"href":"https:\/\/www.cronacaonline.it\/index.php\/wp-json\/wp\/v2\/types\/post"}],"author":[{"embeddable":true,"href":"https:\/\/www.cronacaonline.it\/index.php\/wp-json\/wp\/v2\/users\/2"}],"replies":[{"embeddable":true,"href":"https:\/\/www.cronacaonline.it\/index.php\/wp-json\/wp\/v2\/comments?post=205850"}],"version-history":[{"count":1,"href":"https:\/\/www.cronacaonline.it\/index.php\/wp-json\/wp\/v2\/posts\/205850\/revisions"}],"predecessor-version":[{"id":205851,"href":"https:\/\/www.cronacaonline.it\/index.php\/wp-json\/wp\/v2\/posts\/205850\/revisions\/205851"}],"wp:featuredmedia":[{"embeddable":true,"href":"https:\/\/www.cronacaonline.it\/index.php\/wp-json\/wp\/v2\/media\/161513"}],"wp:attachment":[{"href":"https:\/\/www.cronacaonline.it\/index.php\/wp-json\/wp\/v2\/media?parent=205850"}],"wp:term":[{"taxonomy":"category","embeddable":true,"href":"https:\/\/www.cronacaonline.it\/index.php\/wp-json\/wp\/v2\/categories?post=205850"},{"taxonomy":"post_tag","embeddable":true,"href":"https:\/\/www.cronacaonline.it\/index.php\/wp-json\/wp\/v2\/tags?post=205850"}],"curies":[{"name":"wp","href":"https:\/\/api.w.org\/{rel}","templated":true}]}}