{"id":205847,"date":"2021-04-29T10:20:00","date_gmt":"2021-04-29T08:20:00","guid":{"rendered":"https:\/\/www.cronacaonline.it\/?p=205847"},"modified":"2021-04-29T10:20:03","modified_gmt":"2021-04-29T08:20:03","slug":"gdf-cagliari-pesca-illegale-nellarea-marina-protetta-penisola-del-sinis-isola-di-mal-di-ventre-denunciati-due-pescatori-per-lattivita-di-pesca-subacquea-esercita-in-zona","status":"publish","type":"post","link":"https:\/\/www.cronacaonline.it\/index.php\/2021\/04\/29\/gdf-cagliari-pesca-illegale-nellarea-marina-protetta-penisola-del-sinis-isola-di-mal-di-ventre-denunciati-due-pescatori-per-lattivita-di-pesca-subacquea-esercita-in-zona\/","title":{"rendered":"Gdf Cagliari: pesca illegale nell\u2019area marina protetta penisola del Sinis \u2013 Isola di Mal di Ventre. Denunciati due pescatori per l\u2019attivit\u00e0 di pesca subacquea esercita in zona vietata soggetta ad autorizzazione dell\u2019Ente gestore."},"content":{"rendered":"\n<p>Cagliari, 29 Apr 2021 -\u00a0 Nelle ultime settimane i finanzieri del Reparto Operativo Aeronavale di Cagliari hanno bloccato la pesca illegale nelle acque dell\u2019Area Marina Protetta Penisola del Sinis - Isola di Mal di Ventre, compiuta indiscriminatamente da un gruppo di pescatori professionali residenti nella provincia di Oristano.<\/p>\n\n\n\n<p>Il fenomeno della pesca illegale nell\u2019area protetta era ben organizzata e si basava su un articolato sistema composto da sentinelle e piccole unit\u00e0 da pesca. Quest\u2019ultime lasciavano i pescatori subacquei nella zona di mare interdetta e, in brevissimo tempo, si allontanavano stazionando fuori dall\u2019area in attesa del segnale di recupero degli uomini e di tutto il pescato, ovvero il frutto della razzia notturna. Poi trattandosi di pescatori professionali, il bottino, una volta sbarcato a terra, veniva spacciato come prodotto regolare pescato nel mare libero.<\/p>\n\n\n\n<p>Il criminale modus operandi \u00e8 stato per\u00f2 interrotto dall\u2019intervento delle motovedette delle Fiamme Gialle sarde che hanno dovuto mettere in atto un vero e proprio agguato per sorprendere sul fatto i pescatori e i loro fiancheggiatori, proprio mentre operavano all\u2019interno dell\u2019Area Marina protetta.<\/p>\n\n\n\n<p>L\u2019impiego di mezzi navali della Guardia di Finanza, oggi muniti di equipaggi specializzati per la navigazione ad altissime velocit\u00e0, ha permesso di agire sfruttando l\u2019effetto sorpresa anche per la contestazione sul posto dell\u2019attivit\u00e0 illegale messa in atto, tra l\u2019altro, da pescatori non autorizzati solo per la pesca, esclusivamente nelle cosiddette acque libere, rilasciata dalla Regione Autonoma della Sardegna.<\/p>\n\n\n\n<p>L\u2019azione di prevenzione e repressione condotta dai finanzieri \u00e8 mirata all\u2019individuazione di soggetti che, in barba ai regolamenti e alle disposizioni di legge vigenti, continuano indifferenti a sfregiare le pregiate specie ittiche che dovrebbero ripopolarsi indisturbate nelle acque integralmente tutelate.<\/p>\n\n\n\n<p>Quindi i militari della Guardia di Finanza hanno denunciato i responsabili all\u2019Autorit\u00e0 Giudiziaria (per l\u2019attivit\u00e0 di pesca subacquea esercita in zona vietata soggetta ad autorizzazione dell\u2019Ente gestore) e sequestrato tutta l\u2019attrezzatura subacquea professionale utilizzata. Ora i due dovranno rispondere delle violazioni al regolamento dell\u2019Area Marina Protetta stessa che prevede l\u2019arresto fino a sei mesi o l\u2019ammenda da \u20ac 103,90 a \u20ac 12.911,42.<\/p>\n\n\n\n<p>Inoltre questi, verranno conseguentemente segnalati alla Direzione dell\u2019Ente poich\u00e9, secondo la normativa vigente, bench\u00e9 muniti di licenza di pesca, non potranno ottenere per il futuro il rilascio di qualsiasi autorizzazione per attivit\u00e0 da svolgersi all\u2019interno del perimetro dell\u2019area stessa, che comprende anche i relativi territori costieri del demanio marittimo. Tali interventi - sottolinea il Colonnello Bucci, Comandante del Reparto Operativo Aeronavale di Cagliari - sono il frutto del costante monitoraggio condotto dagli uomini e dai mezzi del Reparto Operativo Aeronavale di Cagliari che, in tutta la Sardegna, operano di giorno e di notte anche per la salvaguardia delle numerose aree di particolare pregio ambientale e del delicato ecosistema marino che sovente viene aggredito dai molti pescatori incoscienti, sempre pronti a violare le regole, danneggiando oltremodo tutti gli operatori economici onesti.<\/p>\n","protected":false},"excerpt":{"rendered":"<p>Cagliari, 29 Apr 2021 &#8211;\u00a0 Nelle ultime settimane i finanzieri del Reparto Operativo Aeronavale di Cagliari hanno bloccato la pesca illegale nelle acque dell\u2019Area Marina&#8230;<\/p>\n","protected":false},"author":2,"featured_media":205848,"comment_status":"closed","ping_status":"open","sticky":false,"template":"","format":"standard","meta":[],"categories":[49,55],"tags":[],"_links":{"self":[{"href":"https:\/\/www.cronacaonline.it\/index.php\/wp-json\/wp\/v2\/posts\/205847"}],"collection":[{"href":"https:\/\/www.cronacaonline.it\/index.php\/wp-json\/wp\/v2\/posts"}],"about":[{"href":"https:\/\/www.cronacaonline.it\/index.php\/wp-json\/wp\/v2\/types\/post"}],"author":[{"embeddable":true,"href":"https:\/\/www.cronacaonline.it\/index.php\/wp-json\/wp\/v2\/users\/2"}],"replies":[{"embeddable":true,"href":"https:\/\/www.cronacaonline.it\/index.php\/wp-json\/wp\/v2\/comments?post=205847"}],"version-history":[{"count":1,"href":"https:\/\/www.cronacaonline.it\/index.php\/wp-json\/wp\/v2\/posts\/205847\/revisions"}],"predecessor-version":[{"id":205849,"href":"https:\/\/www.cronacaonline.it\/index.php\/wp-json\/wp\/v2\/posts\/205847\/revisions\/205849"}],"wp:featuredmedia":[{"embeddable":true,"href":"https:\/\/www.cronacaonline.it\/index.php\/wp-json\/wp\/v2\/media\/205848"}],"wp:attachment":[{"href":"https:\/\/www.cronacaonline.it\/index.php\/wp-json\/wp\/v2\/media?parent=205847"}],"wp:term":[{"taxonomy":"category","embeddable":true,"href":"https:\/\/www.cronacaonline.it\/index.php\/wp-json\/wp\/v2\/categories?post=205847"},{"taxonomy":"post_tag","embeddable":true,"href":"https:\/\/www.cronacaonline.it\/index.php\/wp-json\/wp\/v2\/tags?post=205847"}],"curies":[{"name":"wp","href":"https:\/\/api.w.org\/{rel}","templated":true}]}}