{"id":205822,"date":"2021-04-28T18:05:28","date_gmt":"2021-04-28T16:05:28","guid":{"rendered":"https:\/\/www.cronacaonline.it\/?p=205822"},"modified":"2021-04-28T18:29:32","modified_gmt":"2021-04-28T16:29:32","slug":"vaccinazione-anti-covid-la-regione-sardegna-rafforza-la-campagna-su-fragili-e-disabili-gravi","status":"publish","type":"post","link":"https:\/\/www.cronacaonline.it\/index.php\/2021\/04\/28\/vaccinazione-anti-covid-la-regione-sardegna-rafforza-la-campagna-su-fragili-e-disabili-gravi\/","title":{"rendered":"Vaccinazione anti Covid, la Regione Sardegna rafforza la campagna su fragili e disabili gravi."},"content":{"rendered":"\n<p>Cagliari, 28 Apr 2021 \u2013\u00a0La Regione accelera ulteriormente la campagna di vaccinazione Anti-Covid sulle categorie a elevata fragilit\u00e0. Da domani, gioved\u00ec 29 aprile,\u00a0a partire dalle ore 12,\u00a0tutti i cittadini, nati dal 1942 al 2004, che rientrano nella categoria degli estremamente vulnerabili, individuati negli elenchi per patologia pubblicati nel portale regionale<a rel=\"noreferrer noopener\" href=\"http:\/\/sardegnasalute.it\/\" target=\"_blank\">\u00a0sardegnasalute.it<\/a>, e le persone con disabilit\u00e0 grave, ai sensi della legge 104 del 1992 o per sentenza del tribunale, potranno manifestare la propria adesione alla campagna vaccinale tramite registrazione sul portale dedicato<a rel=\"noreferrer noopener\" href=\"http:\/\/vaccinocovid.sardegnasalute.it\/\" target=\"_blank\">\u00a0vaccinocovid.sardegnasalute.it<\/a>. I cittadini registrati riceveranno cos\u00ec un sms con l\u2019appuntamento per la vaccinazione, che avverr\u00e0 con siero Pfizer o Moderna. Chi inoltre fosse in possesso di certificazione medica che indicasse la necessit\u00e0 di somministrazione del vaccino a domicilio potr\u00e0 segnalarlo al momento della registrazione.<\/p>\n\n\n\n<p>Nei casi in cui, oltre al paziente, sia prevista la vaccinazione dei familiari e dei caregiver, questi dovranno presentare apposita autocertificazione al punto di vaccinazione.<\/p>\n\n\n\n<p>I pazienti comunque vulnerabili (perch\u00e9 ad esempio affetti da malattie rare o oncologici) che per\u00f2 non siano in possesso di una delle esenzioni elencate, saranno invece contattati direttamente dai centri che li hanno in cura o potranno essere vaccinati in occasione di iniziative dedicate a categorie specifiche.<\/p>\n\n\n\n<p>Nella giornata odierna sono state consegnate in Sardegna oltre 65mila dosi di Pfizer, 60mila gi\u00e0 calendarizzate, pi\u00f9 altre 5.000 dosi riconosciute all\u2019Isola come compensazione delle minori forniture effettuate in precedenza.<\/p>\n\n\n\n<p>Da oggi, inoltre, per la prima volta in Sardegna, \u00e8 iniziata la fase di test della piattaforma tecnologica di Poste Italiane dedicata alle vaccinazioni. La sperimentazione, avviata nell\u2019hub di Cagliari, scelto come centro pilota, riguarder\u00e0 al momento solo l\u2019attivit\u00e0 di registrazione e tracciamento dei vaccini eseguiti, per la raccolta dei dati relativi alle somministrazioni. Com<\/p>\n","protected":false},"excerpt":{"rendered":"<p>Cagliari, 28 Apr 2021 \u2013\u00a0La Regione accelera ulteriormente la campagna di vaccinazione Anti-Covid sulle categorie a elevata fragilit\u00e0. Da domani, gioved\u00ec 29 aprile,\u00a0a partire dalle&#8230;<\/p>\n","protected":false},"author":2,"featured_media":202663,"comment_status":"closed","ping_status":"open","sticky":false,"template":"","format":"standard","meta":[],"categories":[49,50],"tags":[],"_links":{"self":[{"href":"https:\/\/www.cronacaonline.it\/index.php\/wp-json\/wp\/v2\/posts\/205822"}],"collection":[{"href":"https:\/\/www.cronacaonline.it\/index.php\/wp-json\/wp\/v2\/posts"}],"about":[{"href":"https:\/\/www.cronacaonline.it\/index.php\/wp-json\/wp\/v2\/types\/post"}],"author":[{"embeddable":true,"href":"https:\/\/www.cronacaonline.it\/index.php\/wp-json\/wp\/v2\/users\/2"}],"replies":[{"embeddable":true,"href":"https:\/\/www.cronacaonline.it\/index.php\/wp-json\/wp\/v2\/comments?post=205822"}],"version-history":[{"count":2,"href":"https:\/\/www.cronacaonline.it\/index.php\/wp-json\/wp\/v2\/posts\/205822\/revisions"}],"predecessor-version":[{"id":205831,"href":"https:\/\/www.cronacaonline.it\/index.php\/wp-json\/wp\/v2\/posts\/205822\/revisions\/205831"}],"wp:featuredmedia":[{"embeddable":true,"href":"https:\/\/www.cronacaonline.it\/index.php\/wp-json\/wp\/v2\/media\/202663"}],"wp:attachment":[{"href":"https:\/\/www.cronacaonline.it\/index.php\/wp-json\/wp\/v2\/media?parent=205822"}],"wp:term":[{"taxonomy":"category","embeddable":true,"href":"https:\/\/www.cronacaonline.it\/index.php\/wp-json\/wp\/v2\/categories?post=205822"},{"taxonomy":"post_tag","embeddable":true,"href":"https:\/\/www.cronacaonline.it\/index.php\/wp-json\/wp\/v2\/tags?post=205822"}],"curies":[{"name":"wp","href":"https:\/\/api.w.org\/{rel}","templated":true}]}}