{"id":205800,"date":"2021-04-28T11:28:46","date_gmt":"2021-04-28T09:28:46","guid":{"rendered":"https:\/\/www.cronacaonline.it\/?p=205800"},"modified":"2021-04-28T11:28:47","modified_gmt":"2021-04-28T09:28:47","slug":"macron-in-francia-autorizza-arresto-di-sette-ex-membri-brigate-rosse-italiani","status":"publish","type":"post","link":"https:\/\/www.cronacaonline.it\/index.php\/2021\/04\/28\/macron-in-francia-autorizza-arresto-di-sette-ex-membri-brigate-rosse-italiani\/","title":{"rendered":"Macron in Francia autorizza arresto di sette ex membri Brigate Rosse italiani."},"content":{"rendered":"\n<p>Parigi, 28 Apr 2021 - Sette ex membri delle Brigate Rosse sono stati arrestati stamani in Francia a Parigi su richiesta dell'Italia, mentre altri tre sono in fuga e sono ricercati. Lo annuncia l'Eliseo. I dieci sono accusati di atti di terrorismo risalenti agli anni '70 e '80.<\/p>\n\n\n\n<p>L'operazione, secondo quanto si apprende da fonti italiane, \u00e8 stata condotta dall'Antiterrorismo della polizia nazionale francese (Sdat) in collaborazione con il Servizio di cooperazione internazionale della Criminalpol e con l'Antiterrorismo della Polizia italiana e con l'esperto per la sicurezza della polizia italiana nella capitale francese.<\/p>\n\n\n\n<p>I brigatisti arrestati in Francia questa mattina sono in attesa di essere presentati al giudice per la comunicazione della richiesta di estradizione da parte dell'Italia. Secondo quanto apprende da fonti investigative francesi, si tratta di Enzo Calvitti, Giovanni Alimonti, Roberta Cappelli, Marina Petrella e Sergio Tornaghi, tutti delle Brigate Rosse; di Giorgio Pietrostefani di Lotta Continua e di Narciso Manenti dei Nuclei Armati contro il Potere territoriale.&nbsp;<\/p>\n\n\n\n<p>'Ombre rosse' \u00e8 il nome del dossier riguardante gli ex terroristi italiani arrestati questa mattina in Francia. Dei 7 fermati, quattro hanno una condanna all'ergastolo: Roberta Capelli, Marina Petrella, Sergio Tornaghi - tutti e tre ex appartenenti alle Brigate Rosse - e Narciso Manenti, dei nuclei armati contropotere territoriale. Per Giovanni Alimonti ed Enzo Calvitti, anche loro delle Br, la pena da scontare \u00e8 rispettivamente 11 anni, 6 mesi e 9 giorni e 18 anni, 7 mesi e 25 giorni. Giorgio Pietrostefani, ex di Lotta Continua, deve scontare una pena di 14 anni, 2 mesi e 11 giorni.<\/p>\n\n\n\n<p>I terroristi in fuga sono Luigi Bergamin, Maurizio Di Marzio e Raffaele Ventura.&nbsp;Luigi Bergamin \u00e8 tra gli ideologi dei Pac, il gruppo armato di Cesare Battisti. Ed \u00e8 stato condannato per due omicidi tra cui quello del macellaio Lino Sabbadin. Per lui dovrebbe essere gi\u00e0 scattata la prescrizione.&nbsp;\u00c8 un ex brigatista Maurizio Di Marzio: partecip\u00f2 al tentativo di sequestro del poliziotto Nicola Simone e per lui la prescrizione dovrebbe arrivare il 10 maggio. Raffaele Ventura \u00e8 stato condannato insieme ad altri 8 per l'omicidio del vicebrigadiere Antonino Custra il 14 maggio del 1977 a Milano, durante una manifestazione indetta dalla sinistra extraparlamentare.<\/p>\n\n\n\n<p>L'operazione antiterrorismo in Francia con l'arresto di 7 ex membri delle Brigate Rosse italiane \"ha visto la collaborazione delle autorit\u00e0 francesi e italiane, con il coinvolgimento dell'esperto di sicurezza della nostra Ambasciata a Parigi. Questi ex brigatisti erano stati accusati e condannati in Italia per atti di terrorismo connessi a fatti di sangue tra gli anni'70 e '80. Massimo impegno per contrastare criminalit\u00e0 e terrorismo. Non si pu\u00f2 fuggire dalle proprie responsabilit\u00e0, dal dolore causato, dal male generato\". Lo scrive su Fb il ministro degli Esteri Luigi Di Maio.<\/p>\n\n\n\n<p>La decisione di procedere all'operazione che ha portato all'arresto di 7 ex brigatisti italiani (altri 3 sono ricercati) \u00e8 stata presa direttamente dal presidente francese Emmanuel Macron, secondo quanto riferito dall'Eliseo. La presidenza sottolinea che Macron ha deciso di \"trasmettere alla Procura i 10 nomi sulla base di domande italiane che riguardavano in origine 200 persone. L'Eliseo ha precisato che la decisione del presidente Emmanuel Macron \"si colloca strettamente nella logica della 'dottrina Mitterrand' di accordare l'asilo agli ex brigatisti, eccetto ai responsabili di reati di sangue'\".<\/p>\n\n\n\n<p>\"La Francia, essa stessa colpita dal terrorismo, comprende l'assoluta necessit\u00e0 di giustizia per le vittime\". Con queste parole, l'Eliseo ha annunciato la decisione di fermare e trasmettere alla giustizia alcuni ex brigatisti rossi rifugiatisi in Francia dopo gli anni di piombo.<\/p>\n\n\n\n<p>Sono stati infatti fermati sette ex membri delle Brigate Rosse italiane, condannati in Italia per atti di terrorismo commessi negli anni '70 e '80; e altre tre persone sono ancora ricercati. Il presidente Emmanuel Macron \"ha voluto risolvere la questione come l'Italia chiede da anni\", si legge ancora nella nota diffusa dall'Eliseo.&nbsp;&nbsp;La definizione della lista di dieci nomi \u00e8 il frutto \"di un importante lavoro preparatorio bilaterale, di diversi mesi, che ha portato a trattenere i reati pi\u00f9 gravi\". E la consegna alla giustizia degli ex brigatisti \u00e8 anche \"parte dell'urgente necessit\u00e0 di costruire un'Europa della giustizia, in cui la fiducia reciproca deve essere al centro\".<\/p>\n\n\n\n<p>I sette entro 48 ore di fronte alla procura generale&nbsp;della Corte d'appello di Parigi, prima che un giudice stabilisca le misure cautelari (la conferma dell'arresto o il rilascio condizionale) che rimarranno in vigore fino a che non sar\u00e0 completato l'esame della richiesta di estradizione<\/p>\n\n\n\n<p>Irene Terrel, storica avvocata degli ex terroristi italiani in Francia, ha denunciato stamattina un \"tradimento senza nome da parte della Francia\". \"Sono indignata - ha detto la Terrel dopo l'arresto di 7 ex brigatisti - e non ho parole per descrivere questa operazione che assomiglia a una piccola retata\".&nbsp;<\/p>\n","protected":false},"excerpt":{"rendered":"<p>Parigi, 28 Apr 2021 &#8211; Sette ex membri delle Brigate Rosse sono stati arrestati stamani in Francia a Parigi su richiesta dell&#8217;Italia, mentre altri tre&#8230;<\/p>\n","protected":false},"author":2,"featured_media":205801,"comment_status":"closed","ping_status":"open","sticky":false,"template":"","format":"standard","meta":[],"categories":[49,51],"tags":[],"_links":{"self":[{"href":"https:\/\/www.cronacaonline.it\/index.php\/wp-json\/wp\/v2\/posts\/205800"}],"collection":[{"href":"https:\/\/www.cronacaonline.it\/index.php\/wp-json\/wp\/v2\/posts"}],"about":[{"href":"https:\/\/www.cronacaonline.it\/index.php\/wp-json\/wp\/v2\/types\/post"}],"author":[{"embeddable":true,"href":"https:\/\/www.cronacaonline.it\/index.php\/wp-json\/wp\/v2\/users\/2"}],"replies":[{"embeddable":true,"href":"https:\/\/www.cronacaonline.it\/index.php\/wp-json\/wp\/v2\/comments?post=205800"}],"version-history":[{"count":1,"href":"https:\/\/www.cronacaonline.it\/index.php\/wp-json\/wp\/v2\/posts\/205800\/revisions"}],"predecessor-version":[{"id":205802,"href":"https:\/\/www.cronacaonline.it\/index.php\/wp-json\/wp\/v2\/posts\/205800\/revisions\/205802"}],"wp:featuredmedia":[{"embeddable":true,"href":"https:\/\/www.cronacaonline.it\/index.php\/wp-json\/wp\/v2\/media\/205801"}],"wp:attachment":[{"href":"https:\/\/www.cronacaonline.it\/index.php\/wp-json\/wp\/v2\/media?parent=205800"}],"wp:term":[{"taxonomy":"category","embeddable":true,"href":"https:\/\/www.cronacaonline.it\/index.php\/wp-json\/wp\/v2\/categories?post=205800"},{"taxonomy":"post_tag","embeddable":true,"href":"https:\/\/www.cronacaonline.it\/index.php\/wp-json\/wp\/v2\/tags?post=205800"}],"curies":[{"name":"wp","href":"https:\/\/api.w.org\/{rel}","templated":true}]}}