{"id":205790,"date":"2021-04-28T10:56:00","date_gmt":"2021-04-28T08:56:00","guid":{"rendered":"https:\/\/www.cronacaonline.it\/?p=205790"},"modified":"2021-04-28T10:56:04","modified_gmt":"2021-04-28T08:56:04","slug":"eseguita-dal-personale-della-polizia-di-stato-di-sassari-unordinanza-di-custodia-cautelare-in-carcere-nei-confronti-di-z-k-di-44-anni-serbo-nomade-ricercato-dal-belgio-per-reati-di-rapine","status":"publish","type":"post","link":"https:\/\/www.cronacaonline.it\/index.php\/2021\/04\/28\/eseguita-dal-personale-della-polizia-di-stato-di-sassari-unordinanza-di-custodia-cautelare-in-carcere-nei-confronti-di-z-k-di-44-anni-serbo-nomade-ricercato-dal-belgio-per-reati-di-rapine\/","title":{"rendered":"Eseguita dal personale della Polizia di Stato di Sassari un\u2019ordinanza di custodia cautelare in carcere nei confronti di Z.K., di 44 anni, serbo, nomade ricercato dal Belgio per reati di rapine e furti."},"content":{"rendered":"\n<p>Sassari, 28 Apr 2021 - Nelle prime ore di ieri mattina, gli Agenti della Divisione Polizia Anticrimine della Questura di Sassari, hanno eseguito una ordinanza di custodia cautelare in carcere nei confronti di Z.K., di 44 anni, nomade di cittadinanza serba, attualmente domiciliato a Sassari.<\/p>\n\n\n\n<p>Il provvedimento cautelare \u00e8 stato emesso dai giudici della Sezione Distaccata della Corte d\u2019Appello di Sassari ed \u00e8 stato disposto per dare esecuzione ad un mandato di arresto europeo pendente a suo carico, richiesto dall\u2019autorit\u00e0 giudiziaria del Belgio.<\/p>\n\n\n\n<p>L\u2019uomo, che si trovava nel territorio nazionale \u00e8 stato arrestato dopo aver interamente espiato un\u2019altra pena definitiva che stava scontando in detenzione domiciliare a Sassari, inflittagli dal Tribunale di Tempio Pausania, per delitti contro il patrimonio commessi in questa provincia.<\/p>\n\n\n\n<p>Il mandato di arresto europeo era stato richiesto dall\u2019autorit\u00e0 belga poich\u00e9 l\u2019uomo era stato condannato a pena definitiva da un Tribunale di quel paese, quale partecipe di una organizzazione criminale dedita alle rapine a mano armata e ai furti aggravati ai danni di abitazioni private commesse nell\u2019anno 2013 nelle citt\u00e0 di Beerse, Lille e Turnhout, cittadine delle Fiandre, vicino ad Anversa, in Belgio.<\/p>\n\n\n\n<p>Lo straniero \u00e8 persona con numerosissimi precedenti penali e di polizia per delitti contro il patrimonio commessi in Italia ove, peraltro aveva in passato pi\u00f9 volte tentato di nascondere la sua reale identit\u00e0 esibendo false generalit\u00e0 alle forze di polizia.<\/p>\n\n\n\n<p>L\u2019arrestato \u00e8 stato temporaneamente condotto presso la Casa circondariale di Sassari e nei prossimi giorni verr\u00e0 trasferito presso un altro carcere della penisola da dove, sempre a breve, sar\u00e0 consegnato alle autorit\u00e0 di polizia del Belgio che giungeranno in Italia per ricevere il detenuto e trasferirlo con mezzo aereo in un carcere di quel Paese.<\/p>\n","protected":false},"excerpt":{"rendered":"<p>Sassari, 28 Apr 2021 &#8211; Nelle prime ore di ieri mattina, gli Agenti della Divisione Polizia Anticrimine della Questura di Sassari, hanno eseguito una ordinanza&#8230;<\/p>\n","protected":false},"author":2,"featured_media":154390,"comment_status":"closed","ping_status":"open","sticky":false,"template":"","format":"standard","meta":[],"categories":[49,55],"tags":[],"_links":{"self":[{"href":"https:\/\/www.cronacaonline.it\/index.php\/wp-json\/wp\/v2\/posts\/205790"}],"collection":[{"href":"https:\/\/www.cronacaonline.it\/index.php\/wp-json\/wp\/v2\/posts"}],"about":[{"href":"https:\/\/www.cronacaonline.it\/index.php\/wp-json\/wp\/v2\/types\/post"}],"author":[{"embeddable":true,"href":"https:\/\/www.cronacaonline.it\/index.php\/wp-json\/wp\/v2\/users\/2"}],"replies":[{"embeddable":true,"href":"https:\/\/www.cronacaonline.it\/index.php\/wp-json\/wp\/v2\/comments?post=205790"}],"version-history":[{"count":1,"href":"https:\/\/www.cronacaonline.it\/index.php\/wp-json\/wp\/v2\/posts\/205790\/revisions"}],"predecessor-version":[{"id":205791,"href":"https:\/\/www.cronacaonline.it\/index.php\/wp-json\/wp\/v2\/posts\/205790\/revisions\/205791"}],"wp:featuredmedia":[{"embeddable":true,"href":"https:\/\/www.cronacaonline.it\/index.php\/wp-json\/wp\/v2\/media\/154390"}],"wp:attachment":[{"href":"https:\/\/www.cronacaonline.it\/index.php\/wp-json\/wp\/v2\/media?parent=205790"}],"wp:term":[{"taxonomy":"category","embeddable":true,"href":"https:\/\/www.cronacaonline.it\/index.php\/wp-json\/wp\/v2\/categories?post=205790"},{"taxonomy":"post_tag","embeddable":true,"href":"https:\/\/www.cronacaonline.it\/index.php\/wp-json\/wp\/v2\/tags?post=205790"}],"curies":[{"name":"wp","href":"https:\/\/api.w.org\/{rel}","templated":true}]}}