{"id":205786,"date":"2021-04-28T07:15:59","date_gmt":"2021-04-28T05:15:59","guid":{"rendered":"https:\/\/www.cronacaonline.it\/?p=205786"},"modified":"2021-04-28T07:16:01","modified_gmt":"2021-04-28T05:16:01","slug":"draghi-al-senato-il-pnrr-e-una-sfida-che-non-possiamo-perdere","status":"publish","type":"post","link":"https:\/\/www.cronacaonline.it\/index.php\/2021\/04\/28\/draghi-al-senato-il-pnrr-e-una-sfida-che-non-possiamo-perdere\/","title":{"rendered":"Draghi al Senato: &#8220;Il Pnrr \u00e8 una sfida che non possiamo perdere&#8221;."},"content":{"rendered":"\n<p>Roma, 28 Apr 2021 - Il Senato ha approvato, con 224 voti favorevoli, 16\u00a0contrari e 21 astenuti, la risoluzione della maggioranza sulle comunicazioni del\u00a0presidente del Consiglio, Mario Draghi, sul Pnrr. Fratelli d'Italia si \u00e8\u00a0astenuta, cos\u00ec come era avvenuto in precedenza alla camera dei Deputati.\u00a0L'aula del Senato ha poi bocciato le due risoluzioni di\u00a0opposizione con, rispettivamente, 232 e 242 no.<\/p>\n\n\n\n<p>La replica di Draghi al Senato \"Al centro del piano c'\u00e8&nbsp;l'Italia, con le sue&nbsp;straordinarie qualit\u00e0&nbsp;e le sue ormai storiche fragilit\u00e0, su cui credo che&nbsp;tutti siamo d'accordo\". Bisogna affrontarle e risolvere, questo&nbsp;piano ci d\u00e0&nbsp;l'occasione per farlo. Pensate che l'Italia resti la stessa dopo?&nbsp;Il piano avr\u00e0&nbsp;effetti sia economiche che sociali. Il piano si pu\u00f2&nbsp;attuare solo se c'\u00e8&nbsp;accordo e&nbsp;volont\u00e0&nbsp;di successo non di sconfitta\".<\/p>\n\n\n\n<p>\u00c8 il presidente del Consiglio, Mario Draghi, a parlare nell'Aula di Palazzo Madama&nbsp;nella replica dopo la discussione sul Pnrr.<\/p>\n\n\n\n<p>Un intervento, giunto dopo una lunga giornata che ha visto anche il via libera della Camera dei Deputati al Pnrr, ma che non si \u00e8 limitato a ripetere i concetti portanti del piano, ma che ha fornito anche nuovi elementi di riflessione.&nbsp;<\/p>\n\n\n\n<p>\"Il nostro obiettivo con il piano \u00e8 ridurre i divari&nbsp;che l'Ue chiede di superare. Il piano ha un vincolo di 5 anni: non \u00e8 un alibi, \u00e8&nbsp;un dato di fatto. Bisogna spendere bene questo denaro\".&nbsp;Il Pnrr \u00e8 una sfida \"sulla capacit\u00e0 di spendere il&nbsp;denaro, una sfida che non si pu\u00f2&nbsp;perdere\". \"Noi&nbsp;saremo responsabili del successo o della perdita di questa scommessa. Una&nbsp;sconfitta&nbsp;sarebbe grave per noi e per il futuro dell'Europa.&nbsp;Non ci sarebbe un'altra occasione per una politica fiscale comune. Una politica&nbsp;fiscale comune \u00e8&nbsp;a nostro beneficio, perch\u00e9&nbsp;siamo uno dei Paesi pi\u00f9&nbsp;fragili\", ha affermato&nbsp;il&nbsp;premier Mario Draghi nel suo intervento di replica al Senato sul Pnrr.<\/p>\n\n\n\n<p>Un passaggio della replica del premier ha toccato anche il ponte sullo stretto:&nbsp;\"Sul ponte di Messina c'\u00e8&nbsp;una relazione che sar\u00e0&nbsp;inviata dal ministero delle Infrastrutture. Non posso dire altro\".<\/p>\n\n\n\n<p>Il ruolo del Senato \"Questo Senato \u00e8 stato protagonista nel&nbsp;disegno\" del Pnnr e \"sar\u00e0 protagonista nell'attuazione del Piano\". Lo&nbsp;ha detto Mario Draghi nelle repliche al Senato.&nbsp;\"Molte delle osservazioni fatte richiamano giustamente la scarsit\u00e0 dei&nbsp;tempi che c'\u00e8 stata. Ma la data del 3 aprile non \u00e8 mediatica, ma serve&nbsp;per avere subito i soldi. Possiamo presentarlo il 10 maggio, i soldi&nbsp;li avremo avuti dopo\", ha chiarito il premier.&nbsp;<\/p>\n\n\n\n<p>Il s\u00ec della Camera al Pnrr Con 442 voti a favore, 19 contrari e 51 astenuti, l'Aula della Camera ha approvato la risoluzione di maggioranza sulle comunicazioni del Presidente del Consiglio, Mario Draghi, in relazione al Recovery plan.<\/p>\n\n\n\n<p>L'Aula della Camera ha poi respinto la risoluzione di&nbsp;FdI e, votando per parti separate, la risoluzione di L'Alternativa c'\u00e8'. Su&nbsp;entrambe il governo aveva dato parere contrario.<\/p>\n\n\n\n<p>La risoluzione di maggioranza approvata da Montecitorio contiene due impegni al&nbsp;governo: \"A trasmettere il Piano nazionale di ripresa e resilienza alla&nbsp;Commissione europea\" e a \"assicurare il pieno coinvolgimento del Parlamento,&nbsp;nonch\u00e9&nbsp;la leale collaborazione con le Regioni e gli Enti Locali nelle fasi&nbsp;successive del Pnrr e la trasmissione della necessaria documentazione relativa&nbsp;al conseguimento dei traguardi e degli obiettivi intermedi contenuti nel Piano&nbsp;nazionale di ripresa e resilienza, in modo da consentire al Parlamento di&nbsp;monitorare l'attuazione e l'impatto dei singoli interventi, il rispetto dei&nbsp;tempi e degli obblighi di risultato previsti dal regolamento Ue 2021\/241\".<\/p>\n\n\n\n<p>\"Sul debito pubblico riteniamo che sia necessario in&nbsp;questo momento concentrarci sulla crescita economica e sostenibile. Il governo&nbsp;vuole rilanciare gli investimenti perch\u00e9&nbsp;la produttivit\u00e0 aumenti, per&nbsp;permetterci di raggiungere tassi di crescita molto pi\u00f9 alti speriamo che in&nbsp;passato che porteranno a un declino del debito sul Pil. Se siamo in grado di&nbsp;rilanciare il potenziale di crescita della nostra economia, riusciremo anche a&nbsp;ridurre rapidamente il rapporto tra debito pubblico e Pil\" dice Draghi.<\/p>\n\n\n\n<p>\"Molti di voi hanno chiesto garanzie relativamente al superbonus. Ribadisco che per questa misura tra Pnrr e fondo complementare, sono previsti oltre 18 miliardi, le stesse risorse stanziate dal precedente governo\" ha rassicurato Draghi.&nbsp;\"Per il futuro, il governo si impegna a inserire nel disegno di legge di bilancio per il 2022 una proroga dell'ecobonus per il 2023, tenendo conto dei dati relativi alla sua applicazione nel 2021. Gi\u00e0 con un Dl a maggio, interveniamo con delle importanti semplificazioni per agevolare la sua effettiva fruizione \"perch\u00e9 le procedure sono complesse\".<\/p>\n\n\n\n<p>\"Nel piano si esplicita in maniera chiara come&nbsp;verranno spesi i fondi per il Mezzogiorno, sia quelli del Pnrr che quelli&nbsp;aggiuntivi. Ieri ho detto 80 miliardi ma in realt\u00e0 sono 82, il 40% del piano&nbsp;per un 34% di popolazione\" sottolinea il Presidente del Consiglio.<\/p>\n\n\n\n<p>\"Il governo intende stanziare 6 miliardi per banda&nbsp;larga e 5G,&nbsp;l'obiettivo \u00e8 portarle ovunque entro 2026. A maggio avvieremo la mappatura&nbsp;degli&nbsp;operatori privati, ci sar\u00e0 un controllo statale per tutelare le scelte dei&nbsp;cittadini e la concorrenza, per evitare che ci siano nuovi divari. Non sostengo&nbsp;che&nbsp;la concorrenza sia il toccasana per tutte le situazioni, nella maggior parte dei&nbsp;casi la soluzione \u00e8 la concorrenza regolata\" prosegue il premier.<\/p>\n\n\n\n<p>\"Ai giovani dobbiamo garantire welfare, casa e occupazione sicura. Ho parlato del piano per i giovani, le case e gli incentivi fiscali per i mutui. Il piano garantisce in maniera equa e adeguata il diritto allo studio, quasi un miliardo per gli alloggi studenteschi, mezzo miliardo per borse di studio\" - ribadisce il Presidente del Consiglio - C'\u00e8 l'introduzione di una previsione per condizionare i progetti finanziati non solo da Pnrr\" e anche di React eu \"alla nuova occupazione giovanile e femminile, una condizionalit\u00e0 trasversale del piano\".<\/p>\n\n\n\n<p>\"Il piano asili nido stanzia 4,6 miliardi per le&nbsp;scuole dell'infanzia, questo porta 230mila posti per i bambini pi\u00f9 piccoli, \u00e8&nbsp;una stima prudenziale. L'ambizione del governo \u00e8 raggiungere e superare gli&nbsp;obiettivi Ue, del resto abbiamo un tale arretrato che bisogna essere ambiziosi&nbsp;per recuperare sul passato\" sottolinea Draghi.<\/p>\n\n\n\n<p>\"Il governo \u00e8 convinto che la transizione ecologica&nbsp;debba permeare&nbsp;tutte le attivit\u00e0 economiche: \u00e8 un motore di sviluppo e di occupazione. Finora \u00e8&nbsp;stato visto come un ostacolo al progresso, ma dobbiamo capire che se fatta bene&nbsp;genera innovazione e produzione. Il nostro piano destina alla transizione&nbsp;ecologica&nbsp;il 40% dei progetti, siamo ben al di l\u00e0 del 37% richiesto dall'Europa\" spiega il premier.<\/p>\n\n\n\n<p>Per quanto riguarda Roma \"il Pnrr rivede un'iniziativa&nbsp;specifica \"Caput Mundi\" da 500 milioni di euro per finanziare progetti che&nbsp;valorizzano il patrimonio storico e culturale della citt\u00e0 di Roma; permettono&nbsp;la messa in sicurezza di luoghi pubblici ed edifici storici; digitalizzano i&nbsp;servizi culturali e rinnovano parchi e giardini storici. Nel complesso,&nbsp;intendiamo avviare un progetto che muovendo dalla Capitale porti il turismo&nbsp;lungo i percorsi nazionali spesso meno noti ma non meno unici\" sottolinea il premier.<\/p>\n","protected":false},"excerpt":{"rendered":"<p>Roma, 28 Apr 2021 &#8211; Il Senato ha approvato, con 224 voti favorevoli, 16\u00a0contrari e 21 astenuti, la risoluzione della maggioranza sulle comunicazioni del\u00a0presidente del&#8230;<\/p>\n","protected":false},"author":2,"featured_media":205724,"comment_status":"closed","ping_status":"open","sticky":false,"template":"","format":"standard","meta":[],"categories":[49,50],"tags":[],"_links":{"self":[{"href":"https:\/\/www.cronacaonline.it\/index.php\/wp-json\/wp\/v2\/posts\/205786"}],"collection":[{"href":"https:\/\/www.cronacaonline.it\/index.php\/wp-json\/wp\/v2\/posts"}],"about":[{"href":"https:\/\/www.cronacaonline.it\/index.php\/wp-json\/wp\/v2\/types\/post"}],"author":[{"embeddable":true,"href":"https:\/\/www.cronacaonline.it\/index.php\/wp-json\/wp\/v2\/users\/2"}],"replies":[{"embeddable":true,"href":"https:\/\/www.cronacaonline.it\/index.php\/wp-json\/wp\/v2\/comments?post=205786"}],"version-history":[{"count":1,"href":"https:\/\/www.cronacaonline.it\/index.php\/wp-json\/wp\/v2\/posts\/205786\/revisions"}],"predecessor-version":[{"id":205787,"href":"https:\/\/www.cronacaonline.it\/index.php\/wp-json\/wp\/v2\/posts\/205786\/revisions\/205787"}],"wp:featuredmedia":[{"embeddable":true,"href":"https:\/\/www.cronacaonline.it\/index.php\/wp-json\/wp\/v2\/media\/205724"}],"wp:attachment":[{"href":"https:\/\/www.cronacaonline.it\/index.php\/wp-json\/wp\/v2\/media?parent=205786"}],"wp:term":[{"taxonomy":"category","embeddable":true,"href":"https:\/\/www.cronacaonline.it\/index.php\/wp-json\/wp\/v2\/categories?post=205786"},{"taxonomy":"post_tag","embeddable":true,"href":"https:\/\/www.cronacaonline.it\/index.php\/wp-json\/wp\/v2\/tags?post=205786"}],"curies":[{"name":"wp","href":"https:\/\/api.w.org\/{rel}","templated":true}]}}