{"id":205531,"date":"2021-04-22T15:50:20","date_gmt":"2021-04-22T13:50:20","guid":{"rendered":"https:\/\/www.cronacaonline.it\/?p=205531"},"modified":"2021-04-22T18:46:00","modified_gmt":"2021-04-22T16:46:00","slug":"vaccini-la-sardegna-accelera-ancora-ieri-13-600-dosi-quarta-in-italia-per-somministrazioni-ogni-100-mila-abitanti","status":"publish","type":"post","link":"https:\/\/www.cronacaonline.it\/index.php\/2021\/04\/22\/vaccini-la-sardegna-accelera-ancora-ieri-13-600-dosi-quarta-in-italia-per-somministrazioni-ogni-100-mila-abitanti\/","title":{"rendered":"Vaccini, la Sardegna accelera ancora. Ieri 13.600 dosi, quarta in Italia per somministrazioni ogni 100 mila abitanti."},"content":{"rendered":"\n<p>Cagliari, 22 Apr 2021 \u2013&nbsp;\u201cLa Sardegna continua ad accelerare sulla campagna di vaccinazione, mantenendo fermo l\u2019obiettivo di immunizzare l\u2019intera popolazione nei tempi pi\u00f9 rapidi, per garantire all\u2019Isola la piena ripartenza in sicurezza\u201d.<\/p>\n\n\n\n<p>Lo dichiara il Presidente Christian Solinas, che sottolinea i dati in continuo miglioramento per la nostra Isola sul fronte delle vaccinazioni. \u201cStiamo mettendo in campo ogni strumento a nostra disposizione per raggiungere il traguardo che ci siamo posti \u2013 precisa il Presidente \u2013 con un grande sforzo organizzativo\u201d.<\/p>\n\n\n\n<p>Nella giornata di ieri la Sardegna ha somministrato pi\u00f9 di 13.600 dosi, arrivando a essere la quarta regione per numero di inoculazioni giornaliere ogni 100mila abitanti, davanti alla Liguria e subito dietro a Basilicata, Marche e Puglia. Nella settimana dal 12 al 18 aprile sono state eseguite circa 60mila somministrazioni a fronte di 48mila dosi di vaccino consegnate nell\u2019Isola. Nell\u2019ambito della distribuzione dei vaccini \u00e8 arrivato oggi per la prima volta in Sardegna il farmaco Janssen, della Johnson&amp;Johnson, con 4.950 dosi, che si aggiungono alle oltre 60mila di Pfizer, Moderna e AstraZeneca consegnate ieri.&nbsp;&nbsp;&nbsp;<\/p>\n\n\n\n<p>Da oggi operative anche le modifiche alle modalit\u00e0 di adesione alla campagna introdotte per accelerare la chiusura delle vaccinazioni sui cittadini over80, di cui quasi la met\u00e0 ha gi\u00e0 ricevuto la seconda dose, e l\u2019immunizzazione dei soggetti con elevata fragilit\u00e0. A queste indicazioni si aggiunge un nuovo aggiornamento che integra quanto gi\u00e0 comunicato il 20 aprile, con un\u2019ulteriore apertura alle adesioni sul portale delle vaccinazioni per le persone con un\u2019esenzione per patologia che non rientrino fra i soggetti con elevata fragilit\u00e0 e&nbsp;che consentir\u00e0 da domani, venerd\u00ec 23 aprile, a tutti gli over60, nati tra il 1942 e il 1960, che appartengono a questa categoria, di registrarsi sul portale dedicato<a href=\"http:\/\/vaccinocovid.sardegnasalute.it\/\" target=\"_blank\" rel=\"noreferrer noopener\">&nbsp;vaccinocovid.sardegnasalute.it<\/a><\/p>\n\n\n\n<p>\u201cStiamo andando nella direzione giusta \u2013 dichiara l\u2019assessore regionale della Sanit\u00e0, Mario Nieddu \u2013. Le ultime dosi di vaccino ricevute hanno restituito un po\u2019 di ossigeno alle scorte praticamente esaurite. In particolare i vaccini Pfizer e Moderna ci consentiranno di concentrarci soprattutto sul completamento degli ultraottantenni e sui soggetti a elevata fragilit\u00e0 la cui priorit\u00e0 \u00e8 assoluta. Si continua a lavorare negli Hub e nei centri di vaccinazione. Da parte di tutte le persone coinvolte nella campagna l\u2019impegno \u00e8 totale\u201d.<\/p>\n\n\n\n<p><\/p>\n","protected":false},"excerpt":{"rendered":"<p>Cagliari, 22 Apr 2021 \u2013&nbsp;\u201cLa Sardegna continua ad accelerare sulla campagna di vaccinazione, mantenendo fermo l\u2019obiettivo di immunizzare l\u2019intera popolazione nei tempi pi\u00f9 rapidi, per&#8230;<\/p>\n","protected":false},"author":2,"featured_media":205532,"comment_status":"closed","ping_status":"open","sticky":false,"template":"","format":"standard","meta":[],"categories":[49,51],"tags":[],"_links":{"self":[{"href":"https:\/\/www.cronacaonline.it\/index.php\/wp-json\/wp\/v2\/posts\/205531"}],"collection":[{"href":"https:\/\/www.cronacaonline.it\/index.php\/wp-json\/wp\/v2\/posts"}],"about":[{"href":"https:\/\/www.cronacaonline.it\/index.php\/wp-json\/wp\/v2\/types\/post"}],"author":[{"embeddable":true,"href":"https:\/\/www.cronacaonline.it\/index.php\/wp-json\/wp\/v2\/users\/2"}],"replies":[{"embeddable":true,"href":"https:\/\/www.cronacaonline.it\/index.php\/wp-json\/wp\/v2\/comments?post=205531"}],"version-history":[{"count":2,"href":"https:\/\/www.cronacaonline.it\/index.php\/wp-json\/wp\/v2\/posts\/205531\/revisions"}],"predecessor-version":[{"id":205545,"href":"https:\/\/www.cronacaonline.it\/index.php\/wp-json\/wp\/v2\/posts\/205531\/revisions\/205545"}],"wp:featuredmedia":[{"embeddable":true,"href":"https:\/\/www.cronacaonline.it\/index.php\/wp-json\/wp\/v2\/media\/205532"}],"wp:attachment":[{"href":"https:\/\/www.cronacaonline.it\/index.php\/wp-json\/wp\/v2\/media?parent=205531"}],"wp:term":[{"taxonomy":"category","embeddable":true,"href":"https:\/\/www.cronacaonline.it\/index.php\/wp-json\/wp\/v2\/categories?post=205531"},{"taxonomy":"post_tag","embeddable":true,"href":"https:\/\/www.cronacaonline.it\/index.php\/wp-json\/wp\/v2\/tags?post=205531"}],"curies":[{"name":"wp","href":"https:\/\/api.w.org\/{rel}","templated":true}]}}