{"id":205503,"date":"2021-04-22T09:39:33","date_gmt":"2021-04-22T07:39:33","guid":{"rendered":"https:\/\/www.cronacaonline.it\/?p=205503"},"modified":"2021-04-22T09:39:34","modified_gmt":"2021-04-22T07:39:34","slug":"dl-covid-la-lega-si-astiene-perche-non-passano-le-sue-richieste-draghi-fatico-a-comprendere","status":"publish","type":"post","link":"https:\/\/www.cronacaonline.it\/index.php\/2021\/04\/22\/dl-covid-la-lega-si-astiene-perche-non-passano-le-sue-richieste-draghi-fatico-a-comprendere\/","title":{"rendered":"Dl Covid, la Lega si astiene perch\u00e9 non passano le sue richieste. Draghi: &#8220;Fatico a comprendere&#8221;."},"content":{"rendered":"\n<p>Roma, 22 Apr 2021 - Via libera del Consiglio dei ministri al\u00a0dl che scrive la roadmap delle riaperture. Astenuta, come anticipato, la Lega, che non ha votato il provvedimento. Il\u00a0decreto, tra le altre cose, proroga fino al 31 luglio lo stato di emergenza.<\/p>\n\n\n\n<p>Non nasconde il disappunto per l'accaduto il presidente Draghi che, rivolto alla Lega dice: \"Fatico a comprendere. Si tratta di decisioni che abbiamo preso insieme\".<\/p>\n\n\n\n<p>Era fissato alle 17, ma \u00e8 iniziato con&nbsp;un'ora di ritardo, ed \u00e8 durato solo 45 minuti, il Consiglio dei ministri dedicato alle riaperture.<\/p>\n\n\n\n<p>Uno dei nodi principali, quello del coprifuoco, \u00e8&nbsp;stato al centro di un serrato confronto in una riunione che ha&nbsp;anticipato l'avvio del Cdm. Lega, ma anche Fi e Iv, erano favorevoli a&nbsp;spostare le lancette avanti di un'ora, alle 23. Ma il premier Mario Draghi ha spinto per confermare l'attuale limite delle 22.<\/p>\n\n\n\n<p>&nbsp;Fonti di governo fanno sapere che entro il mese di&nbsp;maggio potrebbe essere valutata, dopo un'ulteriore analisi dei dati epidemiologici, una delibera per eliminare definitivamente il coprifuoco o far partire il provvedimento dalle ore 23.<\/p>\n\n\n\n<p>I ministri della Lega si sono astenuti e non hanno votato il provvedimento sulle&nbsp;riaperture in esame in Cdm dopo la decisione di non spostare alle 23 l'orario&nbsp;del coprifuoco, come chiesto dal leader del Carroccio, Matteo Salvini.<\/p>\n\n\n\n<p>Tra le richieste della Lega oltre alla riduzione della durata&nbsp;del coprifuoco c'era l'anticipo delle riaperture per i ristoranti&nbsp;al chiuso.&nbsp;La Lega \"\u00e8 solo portavoce di quello che chiedono i&nbsp;sindaci e i governatori di tutta Italia, e di qualunque colore politico, su&nbsp;riaperture, coprifuoco e vaccini\".<\/p>\n\n\n\n<p>\"La Lega chiede di dare fiducia agli&nbsp;italiani che hanno dimostrato per un anno pazienza e rispetto&nbsp;delle regole. Non potevamo votare un decreto che continua a&nbsp;imporre chiusure, coprifuoco, limitazioni. I dati sanitari&nbsp;fortunatamente sono in netto miglioramento: negli ultimi giorni&nbsp;sono migliaia i letti di ospedale che si sono liberati. Con&nbsp;rigidi protocolli di sicurezza, con prudenza e mantenendo le&nbsp;distanze, si pu\u00f2 anzi si deve tornare a vivere e lavorare al&nbsp;chiuso e all'aperto. Voteremo il prossimo decreto se insieme al&nbsp;piano vaccinale e alla tutela della salute preveder\u00e0 il ritorno&nbsp;alla vita e il ritorno al lavoro\". Lo dice il leader della Lega&nbsp;Matteo Salvini.<\/p>\n\n\n\n<p>\"Le riaperture coincidono con un percorso virtuoso e&nbsp;positivo intrapreso dal governo. I distinguo della Lega sono strumentali, utili&nbsp;solo per la propaganda di partito. \u00c8 chiaro che dal 26 aprile, saranno i dati&nbsp;ad orientarci a nuovi e successivi passi avanti\". Lo afferma il senatore del Pd, Andrea Marcucci.<\/p>\n\n\n\n<p>\"Salvini sembra pi\u00f9 preoccupato della competizione con&nbsp;la Meloni che della solidit\u00e0 del governo. Con l'astensione in Cdm la Lega mina&nbsp;la credibilit\u00e0 del governo e Salvini, nei fatti, sconfessa la sua delegazione di&nbsp;ministri. A chi giova tutto ci\u00f2? Non certo agli italiani\". Lo scrive il&nbsp;capogruppo di Leu alla Camerea, Federico Fornaro.<\/p>\n\n\n\n<p>Il cdm ha affrontato il nuovo dl Covid, che fissa le regole per le&nbsp;riaperture dal 26\/4 al 31\/7. Il coprifuoco ha diviso la&nbsp;maggioranza. Da luned\u00ec quindi tornano le zone gialle e si da il via&nbsp;alle riaperture, resta la misura del coprifuoco alle ore 22. Ma a fine maggio&nbsp;potrebbe essere tolto il&nbsp;coprifuoco se i dati dei contagi lo permetteranno. Dovrebbe esserci infatti un&nbsp;successivo step con un nuovo decreto. La maggior parte dell'Italia ridiventa gialla,&nbsp;molti studenti torneranno a scuola e potranno riprendere le&nbsp;attivit\u00e0 all'aperto. Arriva la \"carta verde\" per gli spostamenti&nbsp;tra le Regioni. Riaprono ristoranti e spettacoli, forse&nbsp;anticipata la riapertura di fiere e parchi. E per i ristoranti al chiuso, forse, dal primo giugno.<\/p>\n\n\n\n<p>\"Soddisfazione per l'apertura delle scuole&nbsp;in zona gialla e arancione dal 70% al 100% in presenza\". Lo afferma il&nbsp;ministro alle Politiche agricole Stefano Patuanelli al termine del&nbsp;Cdm. Dal 26 aprile e fino alla fine dell\u2019anno scolastico&nbsp;si torna in classe anche nelle scuole superiori: la presenza \u00e8 garantita in&nbsp;zona rossa dal 50% al 75%. Mentre in zona gialla e arancione la percentuale va&nbsp;dal 70% al 100%. \u00c8 quanto prevede il decreto approvato dal Cdm.<\/p>\n\n\n\n<p>Il Consiglio dei ministri ha autorizzato all'unanimit\u00e0&nbsp;il pagamento degli stipendi di aprile per i lavoratori di Alitalia, senza il via&nbsp;libera preventivo della commissione europea. L'iniziativa \u00e8 stata adottata su&nbsp;proposta del ministro dello Sviluppo economico, Giancarlo Giorgetti.&nbsp;<\/p>\n\n\n\n<p>\"Impegno preso e mantenuto: le fiere ripartiranno&nbsp;gi\u00e0 dal 15 giugno, lo abbiamo deciso oggi in CdM. Un\u2019ottima notizia, arrivata&nbsp;dopo gli incontri dei giorni scorsi con le categorie di settore. Le fiere&nbsp;internazionali sono un comparto strategico per il Paese, da sostenere. Avanti!\". Lo dice il ministro degli Esteri, Luigi Di Maio.<\/p>\n\n\n\n<p>\"Le certificazioni verdi rilasciate dagli Stati membri dell'Unione sono riconosciute valide anche in Italia.&nbsp;Quelle di uno Stato terzo se la vaccinazione \u00e8 riconosciuta come equivalente a quella valida sul territorio nazionale\". \u00c8 quanto prevede il Dl sulle riaperture approvato in Cdm nel passaggio in cui si disciplina il \"green pass\" per la circolazione tra regioni italiane anche di diverso colore.<\/p>\n","protected":false},"excerpt":{"rendered":"<p>Roma, 22 Apr 2021 &#8211; Via libera del Consiglio dei ministri al\u00a0dl che scrive la roadmap delle riaperture. Astenuta, come anticipato, la Lega, che non&#8230;<\/p>\n","protected":false},"author":2,"featured_media":202338,"comment_status":"closed","ping_status":"open","sticky":false,"template":"","format":"standard","meta":[],"categories":[49,50],"tags":[],"_links":{"self":[{"href":"https:\/\/www.cronacaonline.it\/index.php\/wp-json\/wp\/v2\/posts\/205503"}],"collection":[{"href":"https:\/\/www.cronacaonline.it\/index.php\/wp-json\/wp\/v2\/posts"}],"about":[{"href":"https:\/\/www.cronacaonline.it\/index.php\/wp-json\/wp\/v2\/types\/post"}],"author":[{"embeddable":true,"href":"https:\/\/www.cronacaonline.it\/index.php\/wp-json\/wp\/v2\/users\/2"}],"replies":[{"embeddable":true,"href":"https:\/\/www.cronacaonline.it\/index.php\/wp-json\/wp\/v2\/comments?post=205503"}],"version-history":[{"count":1,"href":"https:\/\/www.cronacaonline.it\/index.php\/wp-json\/wp\/v2\/posts\/205503\/revisions"}],"predecessor-version":[{"id":205504,"href":"https:\/\/www.cronacaonline.it\/index.php\/wp-json\/wp\/v2\/posts\/205503\/revisions\/205504"}],"wp:featuredmedia":[{"embeddable":true,"href":"https:\/\/www.cronacaonline.it\/index.php\/wp-json\/wp\/v2\/media\/202338"}],"wp:attachment":[{"href":"https:\/\/www.cronacaonline.it\/index.php\/wp-json\/wp\/v2\/media?parent=205503"}],"wp:term":[{"taxonomy":"category","embeddable":true,"href":"https:\/\/www.cronacaonline.it\/index.php\/wp-json\/wp\/v2\/categories?post=205503"},{"taxonomy":"post_tag","embeddable":true,"href":"https:\/\/www.cronacaonline.it\/index.php\/wp-json\/wp\/v2\/tags?post=205503"}],"curies":[{"name":"wp","href":"https:\/\/api.w.org\/{rel}","templated":true}]}}