{"id":205416,"date":"2021-04-20T19:32:51","date_gmt":"2021-04-20T17:32:51","guid":{"rendered":"https:\/\/www.cronacaonline.it\/?p=205416"},"modified":"2021-04-20T19:32:52","modified_gmt":"2021-04-20T17:32:52","slug":"covid-19-bozza-dl-torna-la-zona-gialla-misure-fino-al-31-luglio","status":"publish","type":"post","link":"https:\/\/www.cronacaonline.it\/index.php\/2021\/04\/20\/covid-19-bozza-dl-torna-la-zona-gialla-misure-fino-al-31-luglio\/","title":{"rendered":"Covid-19, bozza dl: torna la zona gialla, misure fino al 31 luglio."},"content":{"rendered":"\n<p>Roma, 20 Apr 2021 - Tornano le zone gialle e arriva la \"certificazione verde\" per gli spostamenti tra\u00a0Regioni rosse e arancioni. E' quanto si legge in una bozza, ancora suscettibile di modifiche, del decreto legge Covid atteso in Cdm domani.<\/p>\n\n\n\n<p>&nbsp;Le misure, scaglionate a partire dal 26 aprile come anticipato la scorsa settimana dal governo, dovrebbero avere&nbsp;validit\u00e0 fino al 31 luglio. Fino a questa data, infatti, dovrebbe essere disposta la proroga dello stato d'emergenza Covid.<\/p>\n\n\n\n<p>Arriva la \"certificazione verde\" per gli spostamenti tra Regioni di colore diverso. Il certificato potr\u00e0 essere cartaceo o digitale e varr\u00e0 sei mesi per i vaccinati e per chi sia guarito dal Covid: per chi abbia concluso un intero ciclo di vaccinazione sar\u00e0 rilasciato dalla struttura sanitaria che effettua la somministrazione; per chi sia guarito viene rilasciato dall'ospedale, medico di base o pediatra. Varranno invece 48 ore i certificati per chi abbia effettuato test molecolare o antigenico, rilasciati da strutture sanitarie o farmacie.<\/p>\n\n\n\n<p>\"Gli spostamenti in entrata e in uscita&nbsp;dai territori delle Regioni e delle Province autonome collocati in&nbsp;zona arancione o rossa sono consentiti ai soggetti muniti delle&nbsp;certificazioni verdi\".<\/p>\n\n\n\n<p>Le scuole superiori potranno adottare \"forme flessibili nell'organizzazione dell'attivit\u00e0 didattica\" affinch\u00e9 sia garantita, in zona rossa, la presenza \"ad almeno il 50% e fino a un massimo del 75%, della popolazione studentesca\", mentre in zona gialla e arancione la didattica in presenza deve essere garantita \"ad almeno il 60% e fino al 100% della popolazione studentesca\". Le disposizioni, prosegue il testo, \"non possono essere derogate da provvedimenti dei presidenti delle Regioni\" fatto salvo casi di \"eccezionale e straordinaria gravit\u00e0\" dovuti al Covid.<\/p>\n\n\n\n<p>\u201cDal 26 aprile 2021 e fino al 31 luglio 2021, nelle zone gialla e arancione, le attivit\u00e0 didattiche e curriculari delle universit\u00e0 sono svolte prioritariamente in presenza secondo i piani di organizzazione della didattica e delle attivit\u00e0 curricolari predisposti nel rispetto delle linee guida e dei protocolli di sicurezza. Nel medesimo periodo, nella zona rossa \u2013 si legge nel documento \u2013, i piani di organizzazione della didattica e delle attivit\u00e0 curriculari di cui al primo periodo possono prevedere lo svolgimento in presenza delle attivit\u00e0 formative degli insegnamenti relativi al primo anno dei corsi di studio ovvero delle attivit\u00e0 formative rivolte a classi con ridotto numero di studenti\u201d. \u201cSull\u2019intero territorio nazionale \u2013 prosegue \u2013, i medesimi piani di organizzazione della didattica e delle attivit\u00e0 curriculari prevedono, salva diversa valutazione delle universit\u00e0, lo svolgimento in presenza degli esami, delle prove e delle sedute di laurea, delle attivit\u00e0 di orientamento e di tutorato, delle attivit\u00e0 dei laboratori, nonch\u00e9 l\u2019apertura delle biblioteche, delle sale lettura e delle sale studio, tenendo conto anche delle specifiche esigenze formative degli studenti con disabilit\u00e0 e degli studenti con disturbi specifici dell'apprendimento\u201d. C'\u00e8 il coprifuoco.<\/p>\n\n\n\n<p>Dal 26 aprile riaprono in zona gialla i ristoranti a pranzo e cena \"con consumo al tavolo esclusivamente all'aperto\" mentre dal primo giugno potranno aprire ma solo a pranzo anche i locali che hanno spazi al chiuso. Si conferma il coprifuoco dalle 22 alle 5 del mattino.<\/p>\n\n\n\n<p>\"A decorrere dal 26 aprile 2021, in zona gialla gli spettacoli aperti al pubblico in sale teatrali, sale da concerto, sale cinematografiche, live-club e in altri locali o spazi anche all'aperto sono svolti esclusivamente con posti a sedere preassegnati e a condizione che sia assicurato il rispetto della distanza interpersonale di almeno un metro sia per gli spettatori che non siano abitualmente conviventi, sia per il personale. La capienza consentita non pu\u00f2&nbsp;essere superiore al 50 per cento di quella massima autorizzata e il numero massimo di spettatori non pu\u00f2&nbsp;comunque essere superiore a 1.000 per gli spettacoli all'aperto e a 500 per gli spettacoli in luoghi chiusi, per ogni singola sala. Le attivit\u00e0&nbsp;devono svolgersi nel rispetto delle linee guida vigenti. Restano sospesi gli spettacoli aperti al pubblico quando non \u00e8&nbsp;possibile assicurare il rispetto delle condizioni di cui al presente articolo\", si legge nella bozza Covid.<\/p>\n\n\n\n<p>\"A decorrere dal 26 aprile 2021, in zona gialla, nel rispetto delle linee guida vigenti, \u00e8&nbsp;consentito lo svolgimento all'aperto di qualsiasi attivit\u00e0&nbsp;sportiva anche di squadra e di contatto. E' comunque interdetto l'uso di spogliatoi se non diversamente stabilito dai provvedimenti di cui all'articolo 2 del decreto-legge n. 19 del 2020\".<\/p>\n\n\n\n<p>\"A decorrere dal 15 maggio 2021 in zona gialla sono consentite le attivit\u00e0 di piscine all'aperto in conformit\u00e0&nbsp;ai protocolli e alle linee guida adottati dalla Conferenza delle Regioni e delle Province autonome sulla base dei criteri definiti dal Comitato tecnico-scientifico\".<\/p>\n\n\n\n<p>Sempre dal 15 maggio riaprono i mercati e i centri commerciali anche nei giorni festivi Dall' 1\/6 ok palestre in zona gialla.<\/p>\n\n\n\n<p>\"A decorrere dal 1&nbsp;giugno 2021 in zona gialla sono consentite le attivit\u00e0&nbsp;di palestre in conformit\u00e0&nbsp;ai protocolli e alle linee guida adottati dalla Conferenza delle Regioni e delle Province autonome sulla base dei criteri definiti dal Comitato tecnico-scientifico\".<\/p>\n\n\n\n<p>Dal primo giugno si potr\u00e0 andare a eventi sportivi con capienza degli stadi o palazzetti non superiore al 25% e non pi\u00f9 di 1000 spettatori all'aperto e 500 al chiuso.<\/p>\n\n\n\n<p>Dal 1 luglio 2021 sono consentite in zona gialla le attivit\u00e0&nbsp;dei centri termali e le attivit\u00e0&nbsp;dei parchi tematici e di divertimento, di fiere, convegni e&nbsp;congressi.<\/p>\n","protected":false},"excerpt":{"rendered":"<p>Roma, 20 Apr 2021 &#8211; Tornano le zone gialle e arriva la &#8220;certificazione verde&#8221; per gli spostamenti tra\u00a0Regioni rosse e arancioni. E&#8217; quanto si legge&#8230;<\/p>\n","protected":false},"author":2,"featured_media":198160,"comment_status":"closed","ping_status":"open","sticky":false,"template":"","format":"standard","meta":[],"categories":[49,51],"tags":[],"_links":{"self":[{"href":"https:\/\/www.cronacaonline.it\/index.php\/wp-json\/wp\/v2\/posts\/205416"}],"collection":[{"href":"https:\/\/www.cronacaonline.it\/index.php\/wp-json\/wp\/v2\/posts"}],"about":[{"href":"https:\/\/www.cronacaonline.it\/index.php\/wp-json\/wp\/v2\/types\/post"}],"author":[{"embeddable":true,"href":"https:\/\/www.cronacaonline.it\/index.php\/wp-json\/wp\/v2\/users\/2"}],"replies":[{"embeddable":true,"href":"https:\/\/www.cronacaonline.it\/index.php\/wp-json\/wp\/v2\/comments?post=205416"}],"version-history":[{"count":1,"href":"https:\/\/www.cronacaonline.it\/index.php\/wp-json\/wp\/v2\/posts\/205416\/revisions"}],"predecessor-version":[{"id":205417,"href":"https:\/\/www.cronacaonline.it\/index.php\/wp-json\/wp\/v2\/posts\/205416\/revisions\/205417"}],"wp:featuredmedia":[{"embeddable":true,"href":"https:\/\/www.cronacaonline.it\/index.php\/wp-json\/wp\/v2\/media\/198160"}],"wp:attachment":[{"href":"https:\/\/www.cronacaonline.it\/index.php\/wp-json\/wp\/v2\/media?parent=205416"}],"wp:term":[{"taxonomy":"category","embeddable":true,"href":"https:\/\/www.cronacaonline.it\/index.php\/wp-json\/wp\/v2\/categories?post=205416"},{"taxonomy":"post_tag","embeddable":true,"href":"https:\/\/www.cronacaonline.it\/index.php\/wp-json\/wp\/v2\/tags?post=205416"}],"curies":[{"name":"wp","href":"https:\/\/api.w.org\/{rel}","templated":true}]}}