{"id":205379,"date":"2021-04-20T10:23:54","date_gmt":"2021-04-20T08:23:54","guid":{"rendered":"https:\/\/www.cronacaonline.it\/?p=205379"},"modified":"2021-04-20T10:23:56","modified_gmt":"2021-04-20T08:23:56","slug":"il-rientro-in-classe-al-100-agita-sindacati-e-regioni-governo-valuta-deroghe-ma-parte-delle-colpe-le-hanno-i-presidi-che-in-questo-lungo-tempo-non-hanno-predisposto-le-aule","status":"publish","type":"post","link":"https:\/\/www.cronacaonline.it\/index.php\/2021\/04\/20\/il-rientro-in-classe-al-100-agita-sindacati-e-regioni-governo-valuta-deroghe-ma-parte-delle-colpe-le-hanno-i-presidi-che-in-questo-lungo-tempo-non-hanno-predisposto-le-aule\/","title":{"rendered":"Il rientro in classe al 100% agita sindacati e Regioni: governo valuta deroghe. Ma parte delle colpe le hanno i presidi che in questo lungo tempo non hanno predisposto le aule."},"content":{"rendered":"\n<p>Roma, 20 Apr 2021 - Si terr\u00e0 oggi pomeriggio un nuovo incontro tra governo e Regioni sulle riaperture, preceduto da una riunione del Comitato tecnico scientifico e seguita, domani o gioved\u00ec, dal consiglio dei ministri sul decreto. Al centro del dibattito la scuola: tra le ipotesi orari scaglionati, potenziamento dei trasporti e tamponi salivari.<\/p>\n\n\n\n<p>Il Governo sta studiando le misure da mettere in campo per rendere pi\u00f9 sicuro il rientro della totalit\u00e0 degli alunni in classe dal 26 aprile. Sulla data, che fa gi\u00e0 tremare molti dirigenti scolastici e preoccupa diversi sindacati, nelle ultime ore hanno espresso perplessit\u00e0 Regioni ed Enti locali, ed \u00e8 in programma un confronto con il governo sulla questione. \"Ci dovr\u00e0 essere un mix di soluzioni che non dev'essere solo sul trasporto pubblico locale - avverte il presidente della Conferenza delle Regioni, Massimiliano Fedriga - ma anche sull'organizzazione scolastica e sulle altre misure che prevedono una modulazione delle percentuali. Vogliamo trovare soluzioni ma bisogna raccontare la verit\u00e0 e dire fin dove \u00e8 possibile arrivare, altrimenti si fanno danni. Meglio dire i limiti con chiarezza e seriet\u00e0 altrimenti non si risolvono i problemi\". Tra le ipotesi sul tavolo, quella di orari scaglionati per le entrate negli istituti, mantenendo il 50% di presenza sui mezzi rispetto alla capienza. Oppure, per non rischiare di aumentare questa stessa percentuale, chiedere (anche se i tempi sarebbero troppo stretti) un potenziamento di mezzi e numero di personale.<\/p>\n\n\n\n<p>La Flc Cgil chiede che il governo rivaluti la scelta per la ripresa attivit\u00e0 scolastiche in presenza al 100% dal 26 aprile e lavori concretamente per raggiungere l'obiettivo in sicurezza.&nbsp;Di esclusiva volont\u00e0 politica parla la Uil.&nbsp; Mentre lo Snals ma anche la Cisl, fanno notare come sia stata sospesa la campagna vaccinale per il personale della scuola ma ci siano alcune regioni che non hanno raggiunto neppure il minimo delle vaccinazioni.<\/p>\n\n\n\n<p>\"Per quanto riguarda la riapertura del trasporto pubblico, i tavoli con Prefetture sono sempre aperti, ma dobbiamo risolvere il problema dell'equazione insostenibile che vede le scuole al 100% e la copertura dei treni al 50%\". Lo ha detto il presidente della Regione Lombardia, Attilio Fontana, intervenendo alla trasmissione 'Buongiorno 24' su Skytg24 che aggiunge \"nell'incontro previsto nel pomeriggio sentiremo le riflessioni del governo\". \"Io ho sempre sostenuto - ricorda - che scuola sarebbe stata la prima cosa che doveva funzionare in presenza sempre\", ma \u00e8 anche vero che \"con questa situazione esistono una serie di problemi\". \"Bisogna trovare delle soluzioni intermedie per rispettare il distanziamento\". Per Fontana \"La priorit\u00e0 in assoluto \u00e8 tenerle aperte. Anche quando le abbiamo chiuse mi piangeva il cuore\".<\/p>\n\n\n\n<p>\"Riaprire tutte le scuole \u00e8 un potenziale rischio, \u00e8 vero, ma lo \u00e8 anche continuare a tenerle chiuse\". Parola di Agostino Miozzo, consulente del ministro dell'Istruzione, Patrizio Bianchi, in un'intervista a La Stampa. \"\u00c8 una questione difficile, abbiamo sempre saputo - chiarisce - che la scuola non \u00e8 esente da rischi soprattutto per quello che smuove all'esterno, lo spostamento di massa di studenti e personale scolastico, fino a 10 milioni di persone ogni giorno\". Sul nodo trasporto pubblico poi sottolinea: \"Ne parliamo da aprile 2020, un anno \u00e8 passato invano, in molte realt\u00e0 senza il necessario potenziamento del servizio, in altre qualcosa \u00e8 stato fatto. Di fronte a un deficit dei trasporti, l'unica soluzione a breve \u00e8 scaglionare gli ingressi degli studenti e allungare l'orario, se necessario riorganizzando le presenze del personale scolastico, ci sono i soldi per coprire i costi. Cos\u00ec si riduce il rischio di assembramenti\". Le preoccupazioni sono \"comprensibili, ma invito tutti - afferma Miozzo - a riflettere su cosa vorrebbe dire lasciare i ragazzi in giro, da soli e senza controllo. Con le riaperture programmate nelle prossime settimane, non resteranno certo chiusi in casa e le aggregazioni extrascolastiche sono molto pi\u00f9 pericolose. Poi per me la preoccupazione \u00e8 piuttosto la salute mentale di un'intera generazione: basta vedere l'aumento delle consulenze psichiatriche, i tentati suicidi e gli atti di autolesionismo, l'esplosione di una violenza assurda, con risse organizzate a tavolino. \u00c8 un disastro, che non possiamo ignorare\".<\/p>\n\n\n\n<p>Le scuole, a sentire i presidi, non sono in condizione di far rientrare tutti in sicurezza? Miozzo sottolinea: \"Durante la riunione con i sindacati lo abbiamo detto chiaramente: nel rispetto del principio dell'autonomia didattica, sar\u00e0 sempre il dirigente scolastico a valutare e decidere dal punto di vista logistico. C'\u00e8 un evidente problema di spazi in molti istituti, che non si risolve certo in pochi mesi, nonostante gli stanziamenti fatti per l'edilizia scolastica, perch\u00e9 nessuno \u00e8 Mandrake. Quindi dobbiamo affrontare questa sfida con gli strumenti a disposizione: se un preside ritiene di non poter garantire il distanziamento nelle aule o di non avere abbastanza personale, decider\u00e0 di fare i doppi turni o di tenere una parte degli studenti con la didattica a distanza. Una quota di Dad rester\u00e0, oggi \u00e8 fisiologico\".<\/p>\n\n\n\n<p>Alla domanda se dal Cts arriveranno integrazioni al protocollo di sicurezza anti-Covid nelle scuole, il consulente del ministro Bianchi sottolinea: \"Aspettiamo le indicazioni del Comitato, che deve dirci se conferma quelle fornite per la riapertura a settembre o vuole aggiornarle in base all'attuale situazione epidemiologica e all'impatto delle varianti. Si pu\u00f2 prevedere la dotazione di mascherina FFp2 per insegnanti e personale scolastico, le finestre sempre aperte in classe, se il meteo lo consente. Poi un distanziamento pi\u00f9 accentuato nei luoghi dove si sta senza mascherina e c'\u00e8 poca areazione, penso alle mense, prevedendo turni differenziati per i pasti. L'importante \u00e8 dare informazioni chiare ai dirigenti scolastici\".Lo screening con i tamponi o i test salivari dentro le scuole \"credo che sia un'operazione fattibile nel mese di maggio, ovviamente non possiamo aspettarci una copertura completa, si potrebbero eseguire controlli a campione in un certo numero di istituti, comunque utili a individuare eventuali focolai\", dice ancora Miozzo. Che sulle vaccinazioni per il personale rimarca: \"Se avessimo avuto la disponibilit\u00e0 di vaccini che era stata promessa, saremmo stati in grado di completare la campagna di vaccinazione per tutto il personale scolastico, ma dovevamo dare priorit\u00e0 ad anziani e fragili, per salvare vite\".<\/p>\n","protected":false},"excerpt":{"rendered":"<p>Roma, 20 Apr 2021 &#8211; Si terr\u00e0 oggi pomeriggio un nuovo incontro tra governo e Regioni sulle riaperture, preceduto da una riunione del Comitato tecnico&#8230;<\/p>\n","protected":false},"author":2,"featured_media":204765,"comment_status":"closed","ping_status":"open","sticky":false,"template":"","format":"standard","meta":[],"categories":[49,51],"tags":[],"_links":{"self":[{"href":"https:\/\/www.cronacaonline.it\/index.php\/wp-json\/wp\/v2\/posts\/205379"}],"collection":[{"href":"https:\/\/www.cronacaonline.it\/index.php\/wp-json\/wp\/v2\/posts"}],"about":[{"href":"https:\/\/www.cronacaonline.it\/index.php\/wp-json\/wp\/v2\/types\/post"}],"author":[{"embeddable":true,"href":"https:\/\/www.cronacaonline.it\/index.php\/wp-json\/wp\/v2\/users\/2"}],"replies":[{"embeddable":true,"href":"https:\/\/www.cronacaonline.it\/index.php\/wp-json\/wp\/v2\/comments?post=205379"}],"version-history":[{"count":1,"href":"https:\/\/www.cronacaonline.it\/index.php\/wp-json\/wp\/v2\/posts\/205379\/revisions"}],"predecessor-version":[{"id":205380,"href":"https:\/\/www.cronacaonline.it\/index.php\/wp-json\/wp\/v2\/posts\/205379\/revisions\/205380"}],"wp:featuredmedia":[{"embeddable":true,"href":"https:\/\/www.cronacaonline.it\/index.php\/wp-json\/wp\/v2\/media\/204765"}],"wp:attachment":[{"href":"https:\/\/www.cronacaonline.it\/index.php\/wp-json\/wp\/v2\/media?parent=205379"}],"wp:term":[{"taxonomy":"category","embeddable":true,"href":"https:\/\/www.cronacaonline.it\/index.php\/wp-json\/wp\/v2\/categories?post=205379"},{"taxonomy":"post_tag","embeddable":true,"href":"https:\/\/www.cronacaonline.it\/index.php\/wp-json\/wp\/v2\/tags?post=205379"}],"curies":[{"name":"wp","href":"https:\/\/api.w.org\/{rel}","templated":true}]}}