{"id":205374,"date":"2021-04-20T07:30:55","date_gmt":"2021-04-20T05:30:55","guid":{"rendered":"https:\/\/www.cronacaonline.it\/?p=205374"},"modified":"2021-04-20T07:30:57","modified_gmt":"2021-04-20T05:30:57","slug":"maltempo-in-italia-una-fitta-grandinata-ha-imbiancato-roma-per-coldiretti-eventi-estremi-274-in-un-solo-anno","status":"publish","type":"post","link":"https:\/\/www.cronacaonline.it\/index.php\/2021\/04\/20\/maltempo-in-italia-una-fitta-grandinata-ha-imbiancato-roma-per-coldiretti-eventi-estremi-274-in-un-solo-anno\/","title":{"rendered":"Maltempo in Italia: una fitta grandinata ha imbiancato Roma. Per Coldiretti eventi estremi +274% in un solo anno."},"content":{"rendered":"\n<p>Roma, 20 Apr 2021 - Ieri una fitta grandinata dopo le 13 ha imbiancato le strade e i tetti di diversi quartieri di Roma, con una intensit\u00e0 da far sembrare che fosse neve. Da ieri il maltempo sta interessando la Capitale, con pioggia e temperature in discesa rispetto alle medie primaverili. I chicchi di grandine hanno coperto tratti di via Salaria, via Nomentana, le strade limitrofe alla stazione Termini, il quartiere Talenti. Disagi per la circolazione in alcune strade con i veicoli che procedono a velocit\u00e0 ridotta. E poi la zona di Ostiense, l'Universit\u00e0 La Sapienza e San Lorenzo. Imbiancata anche la zona di Trigoria, con il difensore della Roma Juan Jesus che dal centro di allenamento giallorosso posta scherzosamente il video della grandine e commenta \"ad aprile torna tutto normale\".<\/p>\n\n\n\n<p>Sono praticamente quadruplicati gli eventi estremi in Italia nel 2021 con bombe d'acqua, violente grandinate e tempeste di vento e neve che sono aumentate del 274% rispetto allo scorso anno. E' quanto emerge dal monitoraggio della Coldiretti in occasione della grandine che ha imbiancato in piena primavera Roma, per effetto dell'ultima ondata di maltempo che ha investito a macchia di leopardo l'intera Penisola, sulla base dei dati della banca dati dell'European Severe Weather Database (Eswd) dall'inizio dell'anno ad oggi.<\/p>\n\n\n\n<p>i tratta solo dell'ultima tra le anomalie climatiche che stanno caratterizzando il 2021 con danni incalcolabili alle coltivazioni agricole. Il gelo ha colpito duramente nelle campagne dove - rileva la Coldiretti - le produzioni in molti territori sono state praticamente dimezzate, dalle albicocche alle pesche, dalle fragole ai kiwi fino agli ortaggi.<\/p>\n\n\n\n<p>Oltre a frutta e verdura a rischio - precisa la Coldiretti - anche ulivi e vigne per le quali si prevede un brusco ridimensionamento dei raccolti. Ora a dare il colpo di grazia \u00e8 arrivata la grandine che - spiega la Coldiretti - \u00e8 l'evento pi\u00f9 temuto nelle campagne perch\u00e9 in una manciata di minuti distrugge il lavoro di un intero anno\".<\/p>\n\n\n\n<p>Una grandinata violenta e improvvisa sul Salento, con i campi imbiancati in pochi minuti nelle province di Brindisi, Lecce e Taranto, \u00e8 \"l'ennesimo colpo inferto a ortaggi, vigneti e uliveti, dopo la gelata killer dell'8 e 9 aprile scorsi\".<\/p>\n\n\n\n<p>Grandine e fulmini, si sono abbattuti intorno alle 13 anche sulla citt\u00e0 di Lecce. All'ingresso della citt\u00e0, a causa di un fulmine, ha preso fuoco una delle palme ornamentali della rotatoria di viale Porta d'Europa. Per molto tempo la pioggia battente si \u00e8 trasformata in grandine che in breve ha ricoperto le strade, creando problemi alla circolazione stradale. La perturbazione ha colpito vari comuni del Salento, a macchia di leopardo.<\/p>\n\n\n\n<p>Tragedia sfiorata nella scuola dell'infanzia di via Macchiavelli a Cabras dove una parte delle tavelle di laterizio che costituiscono l'interno del soffitto ha ceduto a causa delle abbondanti piogge e dopo una grandinata che si \u00e8 abbattuta sul centro dell'Orisnese nelle prime ore della giornata. La scoperta \u00e8 stata fatta ieri mattina alla riapertura della struttura che accoglie quattro classi e una cinquantina di alunni.<\/p>\n\n\n\n<p>Ieri i bambini non sono entrati a scuola e \"domani - spiega il primo cittadino - saranno ospitati negli altri edifici scolastici del paese, in attesa del trasferimento nella scuola di via Kolbe, dove sono stati ultimati i lavori di ristrutturazione e si attende solo di ottenere i certificati di agibilit\u00e0\".<\/p>\n\n\n\n<p>La primavera non decolla ancora: l'alta pressione latita e le perturbazioni atlantiche sono libere di condizionare negativamente il tempo sul nostro Paese. Nel corso della settimana saranno ancora possibili temporali e piogge su molte regioni. L'attuale circolazione generale vede ancora un'alta pressione troppo sbilanciata verso il nord Europa con un conseguente e reiterato afflusso d'aria fredda verso l'Italia, fonte di energia per una circolazione ciclonica ormai presente da giorni in sede mediterranea.<\/p>\n\n\n\n<p>Questa configurazione barica rester\u00e0 ancora per alcuni giorni con il tempo che continuer\u00e0 a rimanere instabile e con temperature sempre sotto tono per il periodo.<\/p>\n\n\n\n<p>Da mercoled\u00ec la circolazione atmosferica muter\u00e0 e dall'oceano arriver\u00e0 un fronte perturbato sospinto da venti meridionali. Le precipitazioni inizialmente interesseranno il Nordovest e l'arco alpino e prealpino, ma poi da gioved\u00ec colpiranno con maggior intensit\u00e0 ancora una volta il Centro e quindi il Sud. Nel contempo le temperature cominceranno a salire lentamente, soprattutto dove il soleggiamento sar\u00e0 maggiore.<\/p>\n","protected":false},"excerpt":{"rendered":"<p>Roma, 20 Apr 2021 &#8211; Ieri una fitta grandinata dopo le 13 ha imbiancato le strade e i tetti di diversi quartieri di Roma, con&#8230;<\/p>\n","protected":false},"author":2,"featured_media":176298,"comment_status":"closed","ping_status":"open","sticky":false,"template":"","format":"standard","meta":[],"categories":[49,51],"tags":[],"_links":{"self":[{"href":"https:\/\/www.cronacaonline.it\/index.php\/wp-json\/wp\/v2\/posts\/205374"}],"collection":[{"href":"https:\/\/www.cronacaonline.it\/index.php\/wp-json\/wp\/v2\/posts"}],"about":[{"href":"https:\/\/www.cronacaonline.it\/index.php\/wp-json\/wp\/v2\/types\/post"}],"author":[{"embeddable":true,"href":"https:\/\/www.cronacaonline.it\/index.php\/wp-json\/wp\/v2\/users\/2"}],"replies":[{"embeddable":true,"href":"https:\/\/www.cronacaonline.it\/index.php\/wp-json\/wp\/v2\/comments?post=205374"}],"version-history":[{"count":1,"href":"https:\/\/www.cronacaonline.it\/index.php\/wp-json\/wp\/v2\/posts\/205374\/revisions"}],"predecessor-version":[{"id":205375,"href":"https:\/\/www.cronacaonline.it\/index.php\/wp-json\/wp\/v2\/posts\/205374\/revisions\/205375"}],"wp:featuredmedia":[{"embeddable":true,"href":"https:\/\/www.cronacaonline.it\/index.php\/wp-json\/wp\/v2\/media\/176298"}],"wp:attachment":[{"href":"https:\/\/www.cronacaonline.it\/index.php\/wp-json\/wp\/v2\/media?parent=205374"}],"wp:term":[{"taxonomy":"category","embeddable":true,"href":"https:\/\/www.cronacaonline.it\/index.php\/wp-json\/wp\/v2\/categories?post=205374"},{"taxonomy":"post_tag","embeddable":true,"href":"https:\/\/www.cronacaonline.it\/index.php\/wp-json\/wp\/v2\/tags?post=205374"}],"curies":[{"name":"wp","href":"https:\/\/api.w.org\/{rel}","templated":true}]}}