{"id":205361,"date":"2021-04-19T10:55:19","date_gmt":"2021-04-19T08:55:19","guid":{"rendered":"https:\/\/www.cronacaonline.it\/?p=205361"},"modified":"2021-04-19T10:55:20","modified_gmt":"2021-04-19T08:55:20","slug":"oggi-videoconferenza-ministri-degli-esteri-ue-borrell-preoccupazione-per-navalny-russia-ritiri-truppe-dal-confine-ucraino","status":"publish","type":"post","link":"https:\/\/www.cronacaonline.it\/index.php\/2021\/04\/19\/oggi-videoconferenza-ministri-degli-esteri-ue-borrell-preoccupazione-per-navalny-russia-ritiri-truppe-dal-confine-ucraino\/","title":{"rendered":"Oggi videoconferenza ministri degli esteri Ue Borrell: preoccupazione per Navalny, Russia ritiri truppe dal confine ucraino."},"content":{"rendered":"\n<p>Bruxelles, 19 Apr 2021 - \"La situazione di Navalny \u00e8 molto preoccupante. Ho ricevuto una lettera dal suo team, siamo molto preoccupati per le condizioni di salute\". Lo ha dichiarato l'alto rappresentante per la politica estera dell'Unione europea, Josep Borrell, prima della videoconferenza informale dei ministri degli Esteri, riferendosi al leader dell'opposizione russa Alexei Navalny, detenuto in carcere in Russia. Lo staff di Navalny da settimane denuncia le sue condizioni di salute in peggioramento. Abbiamo \"chiesto alle autorit\u00e0 russe di fornirgli le cure di cui necessita\", perch\u00e9 loro \"sono responsabili della sua sicurezza. Ero andato in Russia per discuterne, non siamo stati ascoltati, ora la situazione \u00e8 peggiorata. Riteniamo le autorit\u00e0 russe responsabili della salute di Navalny\", ha aggiunto.<\/p>\n\n\n\n<p>La situazione al confine ucraino, con il dispiegamento delle truppe russe, \"\u00e8 molto pericolosa e chiediamo alla Russia di ritirare le truppe\", ha detto sempre Borrell, prima della videoconferenza. Ha aggiunto che il ministro ucraino degli Esteri, Dmytro Kuleba, \u00e8 stato invitato a partecipare ai lavori e spiegher\u00e0 la situazione agli omologhi e ai presenti. \"Le relazioni con la Russia non stanno migliorando, al contrario la tensione sta aumentando in vari ambiti\", ha detto ancora Borrell.<\/p>\n\n\n\n<p>\"La situazione in Etiopia non sta migliorando. Le truppe eritree sono ancora l\u00ec nonostante le promesse del governo etiope sul loro ritiro, l'accesso umanitario non \u00e8 stato consentito, siamo molto preoccupati della situazione in Tigray\" e \"chiediamo un'indagine indipendente sulle responsabilit\u00e0. Ma pi\u00f9 di tutto, e prima di tutto, chiediamo immediato e pieno accesso umanitario. \u00c8 stato promesso e non mantenuto\". Lo ha dichiarato sempre l'alto rappresentante per la politica estera dell'Unione europea. \"Spero che gli Stati membri prenderanno\", non oggi ma in seguito, \"decisioni in caso il governo etiope non mantenga le promesse sulla situazione nel Tigray\", ha aggiunto.<\/p>\n","protected":false},"excerpt":{"rendered":"<p>Bruxelles, 19 Apr 2021 &#8211; &#8220;La situazione di Navalny \u00e8 molto preoccupante. Ho ricevuto una lettera dal suo team, siamo molto preoccupati per le condizioni&#8230;<\/p>\n","protected":false},"author":2,"featured_media":205362,"comment_status":"closed","ping_status":"open","sticky":false,"template":"","format":"standard","meta":[],"categories":[49,51],"tags":[],"_links":{"self":[{"href":"https:\/\/www.cronacaonline.it\/index.php\/wp-json\/wp\/v2\/posts\/205361"}],"collection":[{"href":"https:\/\/www.cronacaonline.it\/index.php\/wp-json\/wp\/v2\/posts"}],"about":[{"href":"https:\/\/www.cronacaonline.it\/index.php\/wp-json\/wp\/v2\/types\/post"}],"author":[{"embeddable":true,"href":"https:\/\/www.cronacaonline.it\/index.php\/wp-json\/wp\/v2\/users\/2"}],"replies":[{"embeddable":true,"href":"https:\/\/www.cronacaonline.it\/index.php\/wp-json\/wp\/v2\/comments?post=205361"}],"version-history":[{"count":1,"href":"https:\/\/www.cronacaonline.it\/index.php\/wp-json\/wp\/v2\/posts\/205361\/revisions"}],"predecessor-version":[{"id":205363,"href":"https:\/\/www.cronacaonline.it\/index.php\/wp-json\/wp\/v2\/posts\/205361\/revisions\/205363"}],"wp:featuredmedia":[{"embeddable":true,"href":"https:\/\/www.cronacaonline.it\/index.php\/wp-json\/wp\/v2\/media\/205362"}],"wp:attachment":[{"href":"https:\/\/www.cronacaonline.it\/index.php\/wp-json\/wp\/v2\/media?parent=205361"}],"wp:term":[{"taxonomy":"category","embeddable":true,"href":"https:\/\/www.cronacaonline.it\/index.php\/wp-json\/wp\/v2\/categories?post=205361"},{"taxonomy":"post_tag","embeddable":true,"href":"https:\/\/www.cronacaonline.it\/index.php\/wp-json\/wp\/v2\/tags?post=205361"}],"curies":[{"name":"wp","href":"https:\/\/api.w.org\/{rel}","templated":true}]}}