{"id":205280,"date":"2021-04-16T21:04:07","date_gmt":"2021-04-16T19:04:07","guid":{"rendered":"https:\/\/www.cronacaonline.it\/?p=205280"},"modified":"2021-04-16T21:04:09","modified_gmt":"2021-04-16T19:04:09","slug":"coronavirus-brusaferro-decrescita-in-quasi-tutte-le-regioni","status":"publish","type":"post","link":"https:\/\/www.cronacaonline.it\/index.php\/2021\/04\/16\/coronavirus-brusaferro-decrescita-in-quasi-tutte-le-regioni\/","title":{"rendered":"Coronavirus, Brusaferro: &#8220;Decrescita in quasi tutte le Regioni&#8221;."},"content":{"rendered":"\n<p>Roma, 16 Apr 2021 - \"La situazione italiana vede una curva dei nuovi casi in decrescita in quasi tutte le Regioni e altre con valori in crescita. Questo si traduce poi nella valutazione del rischio\". Lo ha affermato il presidente dell'Iss, Silvio Brusaferro,\u00a0nel suo intervento alla conferenza stampa sull'analisi dei dati del\u00a0Monitoraggio regionale della Cabina di regia.<\/p>\n\n\n\n<p>\"Questa settimana il trend di&nbsp;crescita visto in Europa la scorsa \u00e8 confermato, questo si traduce in&nbsp;curve pi\u00f9 spesse. Quella italiana mostra una lenta decrescita mentre&nbsp;altri Paesi Ue hanno curva in salita\", ha detto Brusaferro.<\/p>\n\n\n\n<p>\"L'et\u00e0 mediana alla diagnosi (45 anni) e al momento del ricovero (67 anni) \u00e8 in decrescita, il che vuol dire che anche indirettamente stiamo iniziando a vedere i primi effetti delle vaccinazioni degli anziani\", ha detto il presidente dell'Istituto Superiore di Sanit\u00e0, Silvio Brusaferro. \"Le persone con pi\u00f9 di 80 anni ma anche i settantenni cominciano a decrescere come numero di casi\", ha aggiunto.<\/p>\n\n\n\n<p>\"Con l'inizio delle vaccinazioni c'\u00e8 stata una inversione e i casi stanno decrescendo tra over-80 ma anche tra 60-69enni, cos\u00ec come per l'et\u00e0 scolare\",&nbsp;ha Brusaferro, alla conferenza stampa sull'analisi del monitoraggio settimanale della Cabina di regia.<\/p>\n\n\n\n<p>\"Le vaccinazioni continuano a crescere. Gli over 80 hanno superato il 75% di copertura, e pi\u00f9 del 50% ha fatto il ciclo vaccinale completo. Anche nella fascia 70-79 anni il dato sta rapidamente crescendo, anche se ovviamente soprattutto per le prime dosi\",&nbsp;ha detto il presidente dell'Istituto Superiore di Sanit\u00e0.<\/p>\n\n\n\n<p>\"Scende lentamente il numero dei ricoveri sia in area medica che nelle terapie intensive\", ha riferito Silvio Brusaferro&nbsp;in conferenza stampa. \"3743 la scorsa settimana contro 3526 di questa settimana\" ha detto per quanto riguarda le terapie intensive, ricordando che \"\u00e8 un dato del 41%, quindi comunque superiore alla soglia che \u00e8 40%. Le persone ricoverate sono passate da 29.337 a 26.952 anche in questo caso \u00e8 un dato importante. C'\u00e8 stata anche una forte diminuzione del numero di nuovi casi non associati a catene di trasmissione: questo \u00e8 un elemento importante perch\u00e9 \u00e8 un indicatore del fatto che con il diminuire del numero di nuovi casi la capacit\u00e0 di trattamento riprende progressivamente\".<\/p>\n\n\n\n<p>\"I dati di mortalit\u00e0\" per&nbsp;Covid-19 \"purtroppo decrescono molto lentamente, ma d'altra parte anche l'incidenza\" dei casi \"decresce molto lentamente\". Lo ha detto il presidente dell'Istituto superiore di sanit\u00e0, Silvio Brusaferro,&nbsp;oggi durante la conferenza stampa sull'analisi dei dati del&nbsp;monitoraggio della Cabina di Regia, sottolineando&nbsp;anche che \"abbiamo dati di lenta decrescita sia per quanto riguarda i&nbsp;ricoveri d\u2019area medica sia per quanto riguarda la terapia intensiva\".<\/p>\n\n\n\n<p>\"Non allentare la tensione, mantenere alta la guardia e mantenere i comportamenti in grado di contenere la trasmissione di questo virus\". Lo ha detto il presidente dell'Istituto Superiore di Sanit\u00e0, Silvio Brusaferro, al punto stampa sul monitoraggio settimanale. \"Teniamo presente che ormai la variante inglese non \u00e8 pi\u00f9 una variante ma \u00e8 la situazione base, nella quale potrebbero innestarsi ulteriori varianti\", ha aggiunto.&nbsp;<\/p>\n\n\n\n<p>\"Sulle riaperture la gradualit\u00e0 \u00e8 la parola guida, la trovate anche nei programmi dei vari paesi. Ciascuno di noi deve impegnarsi a rispettare le solite regole; l'altra partita \u00e8 quella di continuare a utilizzare il monitoraggi per contrastare rapidamente eventuali inversioni di tendenza anche regionali. E' una scommessa importante \". Cos\u00ec Silvio Brusaferro in conferenza stampa.<\/p>\n\n\n\n<p>\"Nel 2022 una delle possibilit\u00e0 \u00e8 di avere una terza dose contro le varianti per i vaccini attualmente a due dosi\". Lo ha affermato il direttore della Prevenzione del ministero della Salute, Gianni Rezza, alla conferenza stampa sull'analisi del monitoraggio settimanale della Cabina di regia.<\/p>\n\n\n\n<p>Intanto, scioglier\u00e0 le riserve marted\u00ec 20 aprile l'Agenzia europea del farmaco Ema sui segnali di sicurezza al vaglio per il vaccino anti-Covid J&amp;J. In un briefing convocato dall'ente Ue, verranno rese note le conclusioni del comitato di farmacovigilanza Prac che sta esaminando gli eventi tromboembolici post iniezione scudo segnalati per questo vaccino. In Europa il lancio del prodotto \u00e8 stato messo in stand by dall'azienda, proprio in attesa dell'esito delle valutazioni in corso.<\/p>\n","protected":false},"excerpt":{"rendered":"<p>Roma, 16 Apr 2021 &#8211; &#8220;La situazione italiana vede una curva dei nuovi casi in decrescita in quasi tutte le Regioni e altre con valori&#8230;<\/p>\n","protected":false},"author":2,"featured_media":191303,"comment_status":"closed","ping_status":"open","sticky":false,"template":"","format":"standard","meta":[],"categories":[49,51],"tags":[],"_links":{"self":[{"href":"https:\/\/www.cronacaonline.it\/index.php\/wp-json\/wp\/v2\/posts\/205280"}],"collection":[{"href":"https:\/\/www.cronacaonline.it\/index.php\/wp-json\/wp\/v2\/posts"}],"about":[{"href":"https:\/\/www.cronacaonline.it\/index.php\/wp-json\/wp\/v2\/types\/post"}],"author":[{"embeddable":true,"href":"https:\/\/www.cronacaonline.it\/index.php\/wp-json\/wp\/v2\/users\/2"}],"replies":[{"embeddable":true,"href":"https:\/\/www.cronacaonline.it\/index.php\/wp-json\/wp\/v2\/comments?post=205280"}],"version-history":[{"count":1,"href":"https:\/\/www.cronacaonline.it\/index.php\/wp-json\/wp\/v2\/posts\/205280\/revisions"}],"predecessor-version":[{"id":205281,"href":"https:\/\/www.cronacaonline.it\/index.php\/wp-json\/wp\/v2\/posts\/205280\/revisions\/205281"}],"wp:featuredmedia":[{"embeddable":true,"href":"https:\/\/www.cronacaonline.it\/index.php\/wp-json\/wp\/v2\/media\/191303"}],"wp:attachment":[{"href":"https:\/\/www.cronacaonline.it\/index.php\/wp-json\/wp\/v2\/media?parent=205280"}],"wp:term":[{"taxonomy":"category","embeddable":true,"href":"https:\/\/www.cronacaonline.it\/index.php\/wp-json\/wp\/v2\/categories?post=205280"},{"taxonomy":"post_tag","embeddable":true,"href":"https:\/\/www.cronacaonline.it\/index.php\/wp-json\/wp\/v2\/tags?post=205280"}],"curies":[{"name":"wp","href":"https:\/\/api.w.org\/{rel}","templated":true}]}}