{"id":205196,"date":"2021-04-15T16:44:27","date_gmt":"2021-04-15T14:44:27","guid":{"rendered":"https:\/\/www.cronacaonline.it\/?p=205196"},"modified":"2021-04-15T16:44:33","modified_gmt":"2021-04-15T14:44:33","slug":"vaccini-speranza-tra-aprile-e-giugno-avremo-oltre-triplo-dosi-road-map-per-riaperture-graduali","status":"publish","type":"post","link":"https:\/\/www.cronacaonline.it\/index.php\/2021\/04\/15\/vaccini-speranza-tra-aprile-e-giugno-avremo-oltre-triplo-dosi-road-map-per-riaperture-graduali\/","title":{"rendered":"Vaccini, Speranza: &#8220;Tra aprile e giugno avremo oltre triplo dosi. Road-map per riaperture graduali&#8221;."},"content":{"rendered":"\n<p>Roma, 15 Apr 2021 - \"Voglio dare un messaggio di determinazione e fiducia: non sottovaluto le difficolt\u00e0 ma ci sono le condizioni per guardare con fiducia alla fase che si sta aprendo. Finalmente ci sono le condizioni per raccogliere i primi concreti risultati del lavoro che svolgiamo da mesi grazie alle vaccinazioni. Tra aprile e giugno riceveremo oltre il triplo delle dosi di vaccino\". Lo ha detto il Ministro della Salute Roberto Speranza nell'informativa alla Camera ricordando di aver detto \"la verit\u00e0 anche quando era scomoda\". \"A chi fa polemica in questi giorni continuo a dire\u00a0che serve unit\u00e0, unit\u00e0, unit\u00e0 - prosegue -\u00a0 Ci sono finalmente le condizioni per uscire da\u00a0questa lunga tempesta, serve muoversi tutti con un rinnovato spirito di coesione\u00a0nazionale come ci ha chiesto il Presidente della Repubblica Sergio Mattarella\u00a0nelle prossime settimane e ancora nei prossimi giorni e nelle sfide di\u00a0ripartenza che arriveranno. Dobbiamo tenere ferma la rotta, dimostriamo ancora\u00a0una volta sul campo la seriet\u00e0 del nostro paese\".\u00a0Ed ha aggiunto:\u00a0\"Il criterio anagrafico \u00e8 stato strategico sin dal 2\u00a0dicembre e ora, anche alla luce dell'ordinanza di Figliuolo, tutte le Regioni\u00a0devono attenersi a queste indicazioni.\u00a0Abbiamo somministrato la prima dose al\u00a076% delle persone con pi\u00f9 di 80 anni. Mentre siamo al 30% di\u00a0quelle tra 70 e 80 anni. Il nostro obiettivo \u00e8 entro il\u00a0trimestre somministrare la prima dose al target sopra i 60 anni\u00a0dove si sono concentrati il 95% dei decessi\".\u00a0<\/p>\n\n\n\n<p>\"Non&nbsp;appena sar\u00e0 possibile avvieremo le vaccinazioni nei luoghi&nbsp;di lavoro, grazie anche al protocollo firmato con tutte le&nbsp;categorie interessate' aggiunge Speranza spiegando che:&nbsp;\"E' di ieri la notizia che&nbsp;Pfizer anticiper\u00e0 per l'Ue 50 mln di dosi dal quarto al&nbsp;terzo trimestre e questo significa per l'Italia quasi 7&nbsp;milioni di dosi anche se prudenzialmente il commissario&nbsp;Figliuolo sta lavorando su un'ipotesi di 45 mln di dosi. Questo ci mette nelle condizioni di completare la vaccinazione nelle fasce pi\u00f9 a rischio\".<\/p>\n\n\n\n<p>\"'I vaccini&nbsp;che utilizziamo sono tutti efficaci e sicuri. Il vaccino&nbsp;AstraZeneca \u00e8 efficace e sicuro, l'Ema ha sottolineato e&nbsp;ribadito che i benefici superano di gran lunga i rischi.&nbsp;Su 32 mln di vaccinazioni e 222&nbsp;segnalazioni di eventi avversi per il vaccino di AstraZeneca ci&nbsp;sono 82 eventi avversi di cui 18 fatali: \u00e8 un fenomeno molto&nbsp;ridotto che non va sottovalutato, mantenendo alta la vigilanza.&nbsp;Ed i cambi di rotta nelle indicazioni del vaccino fanno parte di&nbsp;questa attenzione\" dice il ministro. \"Con AstraZeneca prosegue senza&nbsp;tentennamenti una dura discussione sui loro ritardi spesso&nbsp;inaccettabili nelle forniture\" del vaccino anti-Covid \"all'Unione&nbsp;Europea, che hanno gravemente decelerato le nostre campagne di&nbsp;vaccinazione. La nostra determinazione a livello europeo nel portare&nbsp;avanti questa azione\" di pressing sull'azienda anglo-svedese \"\u00e8 legata&nbsp;alla certezza che quelle dosi non consegnate ci servono proprio perch\u00e9&nbsp;il vaccino \u00e8 efficace e sicuro\". E aggiunge: \"Siamo in&nbsp;attesa delle indicazioni su Johnson &amp; Johnson che arriveranno&nbsp;dagli Stati Uniti e dall'Ema nei prossimi giorni. Di&nbsp;questo vaccino - ha detto ancora il ministro - in Italia&nbsp;aspettiamo 7,3 milioni di dosi nel II trimestre e 15,9&nbsp;milioni nel terzo e ricordo che si tratta di un siero&nbsp;monodose\".<\/p>\n\n\n\n<p>\"Ci sono stati degli errori nelle negoziazioni europee ma fare da soli non sarebbe stato meglio. Comprare i vaccini insieme \u00e8 stato giusto a livello europeo. Ora stiamo rafforzando la capacit\u00e0 italiana di produrre vaccini a partire da quello di Reithera\" sottolinea ancora Speranza sottolineando che serve per\u00f2 un'Europa \"pi\u00f9 veloce e autorevole ma&nbsp;no alla guerra di tutto contro tutti e fare meglio non significa fare da soli\".<\/p>\n\n\n\n<p>\"L'ultimo monitoraggio dopo 4&nbsp;settimane di misure severe, segnala che le terapie intensive&nbsp;sono ancora al 41% di occupazione: \u00e8 un dato che dovrebbe far&nbsp;riflettere chi dice che abbiamo adottato misure troppo severe.&nbsp;Dobbiamo ascoltare il grido d'allarme dei medici. Dobbiamo essere tempestivi&nbsp;nelle chiusure quando serve e abbiamo il dovere di costruire una&nbsp;mappa sull'allentamento delle misure sempre approvate&nbsp;all'unanimit\u00e0 dal Cdm\" spiega Speranza durante l'informativa urgente.&nbsp;\"In questo periodo di transizione,&nbsp;soprattutto nei prossimi due mesi, dobbiamo muoverci con senso di&nbsp;responsabilit\u00e0 - dice Speranza - La prudenza, un accorto gradualismo nelle riaperture \u00e8&nbsp;il pi\u00f9 forte investimento che possiamo realizzare per una estate di&nbsp;ripresa e rinascita. Le misure adottate stanno funzionando\". E ribadisce: \"Non ci possono essere dubbi o esitazioni: solo&nbsp;vaccinando decine di milioni di italiani riconquisteremo le nostre libert\u00e0 e&nbsp;sar\u00e0 possibile una duratura ripresa economica\".<\/p>\n\n\n\n<p>\"Mentre in altri paesi europei, penso ad esempio&nbsp;alla Germania, si registra, purtroppo, un nuovo peggioramento della situazione,&nbsp;in Italia per la terza settimana consecutiva scende l\u2019incidenza e l\u2019RT sui&nbsp;casi sintomatici \u00e8 pari a 0,92 (0,82 - 1,01). Sono risultati certamente&nbsp;incoraggianti che devono indurci a scelte ben ponderate, proporzionali al quadro&nbsp;epidemiologico\".&nbsp;<\/p>\n\n\n\n<p>\"L'andamento del contagio in&nbsp;Sardegna \u00e8 un campanello d'allarme che non pu\u00f2 essere sottovalutato - incalza il ministro - Quella rapida variazione dell'andamento della curva del contagio ci&nbsp;indica in modo evidente quanto sia ancora forte la circolazione del&nbsp;virus e come si possa passare rapidamente da zona bianca a zona rossa&nbsp;non appena si abbassa il livello di guardia\".<\/p>\n\n\n\n<p>\"Sulle terapie intensive dobbiamo&nbsp;ascoltare il grido di accorato allarme che ci viene dai nostri medici: non possiamo continuare a chiamarli eroi e poi fare il&nbsp;contrario di quello che ci chiedono, mettendoli in trincea da&nbsp;soli a combattere negli ospedali\" conclude il ministro.&nbsp;<\/p>\n","protected":false},"excerpt":{"rendered":"<p>Roma, 15 Apr 2021 &#8211; &#8220;Voglio dare un messaggio di determinazione e fiducia: non sottovaluto le difficolt\u00e0 ma ci sono le condizioni per guardare con&#8230;<\/p>\n","protected":false},"author":2,"featured_media":191772,"comment_status":"closed","ping_status":"open","sticky":false,"template":"","format":"standard","meta":[],"categories":[49,51],"tags":[],"_links":{"self":[{"href":"https:\/\/www.cronacaonline.it\/index.php\/wp-json\/wp\/v2\/posts\/205196"}],"collection":[{"href":"https:\/\/www.cronacaonline.it\/index.php\/wp-json\/wp\/v2\/posts"}],"about":[{"href":"https:\/\/www.cronacaonline.it\/index.php\/wp-json\/wp\/v2\/types\/post"}],"author":[{"embeddable":true,"href":"https:\/\/www.cronacaonline.it\/index.php\/wp-json\/wp\/v2\/users\/2"}],"replies":[{"embeddable":true,"href":"https:\/\/www.cronacaonline.it\/index.php\/wp-json\/wp\/v2\/comments?post=205196"}],"version-history":[{"count":1,"href":"https:\/\/www.cronacaonline.it\/index.php\/wp-json\/wp\/v2\/posts\/205196\/revisions"}],"predecessor-version":[{"id":205197,"href":"https:\/\/www.cronacaonline.it\/index.php\/wp-json\/wp\/v2\/posts\/205196\/revisions\/205197"}],"wp:featuredmedia":[{"embeddable":true,"href":"https:\/\/www.cronacaonline.it\/index.php\/wp-json\/wp\/v2\/media\/191772"}],"wp:attachment":[{"href":"https:\/\/www.cronacaonline.it\/index.php\/wp-json\/wp\/v2\/media?parent=205196"}],"wp:term":[{"taxonomy":"category","embeddable":true,"href":"https:\/\/www.cronacaonline.it\/index.php\/wp-json\/wp\/v2\/categories?post=205196"},{"taxonomy":"post_tag","embeddable":true,"href":"https:\/\/www.cronacaonline.it\/index.php\/wp-json\/wp\/v2\/tags?post=205196"}],"curies":[{"name":"wp","href":"https:\/\/api.w.org\/{rel}","templated":true}]}}