{"id":204965,"date":"2021-04-10T10:58:09","date_gmt":"2021-04-10T08:58:09","guid":{"rendered":"https:\/\/www.cronacaonline.it\/?p=204965"},"modified":"2021-04-10T10:58:10","modified_gmt":"2021-04-10T08:58:10","slug":"aifa-seconda-dose-non-oltre-i-42-giorni-per-pfizer-e-moderna-intervallo-ottimale-21-e-28-giorni","status":"publish","type":"post","link":"https:\/\/www.cronacaonline.it\/index.php\/2021\/04\/10\/aifa-seconda-dose-non-oltre-i-42-giorni-per-pfizer-e-moderna-intervallo-ottimale-21-e-28-giorni\/","title":{"rendered":"Aifa: seconda dose non oltre i 42 giorni per Pfizer e Moderna. Intervallo ottimale: 21 e 28 giorni."},"content":{"rendered":"\n<p>Cagliari, 10 Apr 2021 - L'intervallo \"ottimale tra le dosi \u00e8,rispettivamente, di 21 giorni per il vaccino Comirnaty di Pfizer-BionTech e di 28 giorni per il Vaccino Covid-19 Moderna. Qualora tuttavia si rendesse necessario dilazionare di alcuni giorni la seconda dose, non \u00e8 possibile superare in ogni caso l'intervallo di 42 giorni per entrambi i vaccini a mRNA. Si ribadisce che per ottenere una protezione ottimale \u00e8 necessario completare il ciclo di vaccinazione con la seconda dose\". \u00c8 quanto afferma la Commissione tecnico scientifica dell'Aifa nel parere che \u00e8 allegato alla nuova circolare del ministero della Salute 'Vaccinazione anti Sars-CoV2'.<\/p>\n\n\n\n<p>Il parere della Cts \u00e8 allegato alla circolare 'Vaccinazione anti Sars-CoV2\/COVID-19. Estensione dell'intervallo tra le due dosi dei vaccini a mRNA' firmata dal direttore generale della Prevenzione del ministero della Salute, Gianni Rezza, e trasmessa ad enti, associazioni e Regioni.<\/p>\n\n\n\n<p>Nel parere, \"valutata la richiesta pervenuta dal Commissario Straordinario per l'emergenza Covid-19 in merito alla possibilit\u00e0 di estendere l'intervallo temporale tra la prima e la seconda somministrazione dei vaccini a mRNA - si legge - la CTS ribadisce che l'intervallo ottimale tra le dosi \u00e8, rispettivamente, di 21 giorni per il vaccino Comirnaty e di 28 giorni per il Vaccino Covid-19 Moderna (come indicato nei rispettivi Riassunti delle caratteristiche del prodotto RCP). Qualora tuttavia si rendesse necessario dilazionare di alcuni giorni la seconda dose, la Commissione precisa che, in accordo con quanto scritto in RCP e con quanto gi\u00e0 dichiarato dall'Organizzazione mondiale della sanit\u00e0, non \u00e8 possibile superare in ogni caso l'intervallo di 42 giorni per entrambi i vaccini a mRNA\".&nbsp;<\/p>\n","protected":false},"excerpt":{"rendered":"<p>Cagliari, 10 Apr 2021 &#8211; L&#8217;intervallo &#8220;ottimale tra le dosi \u00e8,rispettivamente, di 21 giorni per il vaccino Comirnaty di Pfizer-BionTech e di 28 giorni per&#8230;<\/p>\n","protected":false},"author":2,"featured_media":203359,"comment_status":"closed","ping_status":"open","sticky":false,"template":"","format":"standard","meta":[],"categories":[49,51],"tags":[],"_links":{"self":[{"href":"https:\/\/www.cronacaonline.it\/index.php\/wp-json\/wp\/v2\/posts\/204965"}],"collection":[{"href":"https:\/\/www.cronacaonline.it\/index.php\/wp-json\/wp\/v2\/posts"}],"about":[{"href":"https:\/\/www.cronacaonline.it\/index.php\/wp-json\/wp\/v2\/types\/post"}],"author":[{"embeddable":true,"href":"https:\/\/www.cronacaonline.it\/index.php\/wp-json\/wp\/v2\/users\/2"}],"replies":[{"embeddable":true,"href":"https:\/\/www.cronacaonline.it\/index.php\/wp-json\/wp\/v2\/comments?post=204965"}],"version-history":[{"count":1,"href":"https:\/\/www.cronacaonline.it\/index.php\/wp-json\/wp\/v2\/posts\/204965\/revisions"}],"predecessor-version":[{"id":204966,"href":"https:\/\/www.cronacaonline.it\/index.php\/wp-json\/wp\/v2\/posts\/204965\/revisions\/204966"}],"wp:featuredmedia":[{"embeddable":true,"href":"https:\/\/www.cronacaonline.it\/index.php\/wp-json\/wp\/v2\/media\/203359"}],"wp:attachment":[{"href":"https:\/\/www.cronacaonline.it\/index.php\/wp-json\/wp\/v2\/media?parent=204965"}],"wp:term":[{"taxonomy":"category","embeddable":true,"href":"https:\/\/www.cronacaonline.it\/index.php\/wp-json\/wp\/v2\/categories?post=204965"},{"taxonomy":"post_tag","embeddable":true,"href":"https:\/\/www.cronacaonline.it\/index.php\/wp-json\/wp\/v2\/tags?post=204965"}],"curies":[{"name":"wp","href":"https:\/\/api.w.org\/{rel}","templated":true}]}}