{"id":204714,"date":"2021-04-04T07:50:50","date_gmt":"2021-04-04T05:50:50","guid":{"rendered":"https:\/\/www.cronacaonline.it\/?p=204714"},"modified":"2021-04-04T07:50:55","modified_gmt":"2021-04-04T05:50:55","slug":"papa-in-questa-buia-pandemia-cristo-ci-dice-di-ricominciare","status":"publish","type":"post","link":"https:\/\/www.cronacaonline.it\/index.php\/2021\/04\/04\/papa-in-questa-buia-pandemia-cristo-ci-dice-di-ricominciare\/","title":{"rendered":"Papa: in questa buia pandemia Cristo ci dice di ricominciare."},"content":{"rendered":"\n<p>Citt\u00e0 del Vaticano, 4 Apr 2021 \u2013 Ieri sera, veglia pasquale anticipata dal Covid nel rispetto del coprifuoco. Il Papa ha presieduto la Veglia Pasquale nella Notte Santa, dalle 19.30 all'Altare della Cattedra, nella Basilica Vaticana con un numero di fedeli contingentato nel rispetto delle norme anti Covid. Il rito della Benedizione del fuoco si \u00e8 svolto ai piedi dell'Altare della Confessione. La processione iniziale, dall'Altare della Confessione a quello della Cattedra passando dal lato dell'\"Altare di San Giuseppe\". Al canto del Gloria ha corrisposto la progressiva accensione della Basilica, fino all'illuminazione completa. Nel corso della cerimonia niente battesimi, ma la sola Rinnovazione delle promesse battesimali, preceduta dalla benedizione dell'acqua lustrale.\u00a0<\/p>\n\n\n\n<p>\"Ecco il primo annuncio di Pasqua che vorrei consegnarvi: \u00e8&nbsp;possibile ricominciare sempre, perch\u00e9 sempre c'\u00e8 una vita nuova che Dio \u00e8 capace di far ripartire in noi al di l\u00e0 di tutti i nostri fallimenti\".<\/p>\n\n\n\n<p>Lo ha detto Papa Francesco nell'omelia durante la veglia di Pasqua. \"Anche dalle macerie del nostro cuore Dio pu\u00f2 costruire un'opera d'arte, anche dai frammenti rovinosi della nostra umanit\u00e0 Dio prepara una storia nuova\", ha proseguito. \"Egli ci precede sempre: nella croce della sofferenza, della desolazione e della morte, cos\u00ec come nella gloria di una vita che risorge, di una storia che cambia, di una speranza che rinasce. E in questi mesi bui di pandemia sentiamo il Signore risorto che ci invita a ricominciare, a non perdere mai la speranza\".<\/p>\n\n\n\n<p>Andare in Galilea, dove il Signore Risorto ci precede, significa \"ricominciare\", ma anche \"percorrere vie nuove\". \"\u00c8 muoversi nella direzione contraria al sepolcro. Le donne cercano Ges\u00f9 alla tomba, vanno cio\u00e8 a fare memoria di ci\u00f2 che hanno vissuto con Lui e che ora \u00e8 perduto per sempre. Vanno a rimestare la loro tristezza. \u00c8 l'immagine di una fede che \u00e8 diventata commemorazione di un fatto bello ma finito, solo da ricordare\", ha poi aggiunto Papa Francesco, durante l'omelia in occasione della Veglia Pasquale, dopo avere invitato i fedeli ad accogliere l'invito del Vangelo, l'invito di Pasqua: \"Andiamo in Galilea dove il Signore Risorto ci precede\".<\/p>\n\n\n\n<p>\"Tanti vivono la 'fede dei ricordi', come se Ges\u00f9 fosse un personaggio del passato, un amico di giovent\u00f9 ormai lontano, un fatto accaduto tanto tempo fa, quando da bambino frequentavo il catechismo\", ha spiegato il Santo Padre. \"Una fede fatta di abitudini, di cose del passato, di bei ricordi dell'infanzia, che non mi tocca pi\u00f9, non mi interpella pi\u00f9. Andare in Galilea, invece, significa imparare che la fede, per essere viva, deve rimettersi in strada. Deve ravvivare ogni giorno l'inizio del cammino, lo stupore del primo incontro. E poi affidarsi, senza la presunzione di sapere gi\u00e0 tutto, ma con l'umilt\u00e0 di chi si lascia sorprendere dalle vie di Dio. Andiamo in Galilea a scoprire che Dio non pu\u00f2 essere sistemato tra i ricordi dell'infanzia ma \u00e8 vivo, sorprende sempre. Risorto, non finisce mai di stupirci\", ha sottolineato Papa Francesco.<\/p>\n\n\n\n<p>\"Ecco il secondo annuncio di Pasqua: la fede non \u00e8 un repertorio del passato, Ges\u00f9 non \u00e8 un personaggio superato. Egli \u00e8 vivo, qui e ora. Cammina con te ogni giorno, nella situazione che stai vivendo, nella prova che stai attraversando, nei sogni che ti porti dentro. Apre vie nuove dove ti sembra che non ci siano, ti spinge ad andare controcorrente rispetto al rimpianto e al 'gi\u00e0 visto'. Anche se tutto ti sembra perduto, apriti con stupore alla sua novit\u00e0: ti sorprender\u00e0\", ha insistito il Pontefice.<\/p>\n","protected":false},"excerpt":{"rendered":"<p>Citt\u00e0 del Vaticano, 4 Apr 2021 \u2013 Ieri sera, veglia pasquale anticipata dal Covid nel rispetto del coprifuoco. Il Papa ha presieduto la Veglia Pasquale&#8230;<\/p>\n","protected":false},"author":2,"featured_media":204715,"comment_status":"closed","ping_status":"open","sticky":false,"template":"","format":"standard","meta":[],"categories":[49,50],"tags":[],"_links":{"self":[{"href":"https:\/\/www.cronacaonline.it\/index.php\/wp-json\/wp\/v2\/posts\/204714"}],"collection":[{"href":"https:\/\/www.cronacaonline.it\/index.php\/wp-json\/wp\/v2\/posts"}],"about":[{"href":"https:\/\/www.cronacaonline.it\/index.php\/wp-json\/wp\/v2\/types\/post"}],"author":[{"embeddable":true,"href":"https:\/\/www.cronacaonline.it\/index.php\/wp-json\/wp\/v2\/users\/2"}],"replies":[{"embeddable":true,"href":"https:\/\/www.cronacaonline.it\/index.php\/wp-json\/wp\/v2\/comments?post=204714"}],"version-history":[{"count":1,"href":"https:\/\/www.cronacaonline.it\/index.php\/wp-json\/wp\/v2\/posts\/204714\/revisions"}],"predecessor-version":[{"id":204716,"href":"https:\/\/www.cronacaonline.it\/index.php\/wp-json\/wp\/v2\/posts\/204714\/revisions\/204716"}],"wp:featuredmedia":[{"embeddable":true,"href":"https:\/\/www.cronacaonline.it\/index.php\/wp-json\/wp\/v2\/media\/204715"}],"wp:attachment":[{"href":"https:\/\/www.cronacaonline.it\/index.php\/wp-json\/wp\/v2\/media?parent=204714"}],"wp:term":[{"taxonomy":"category","embeddable":true,"href":"https:\/\/www.cronacaonline.it\/index.php\/wp-json\/wp\/v2\/categories?post=204714"},{"taxonomy":"post_tag","embeddable":true,"href":"https:\/\/www.cronacaonline.it\/index.php\/wp-json\/wp\/v2\/tags?post=204714"}],"curies":[{"name":"wp","href":"https:\/\/api.w.org\/{rel}","templated":true}]}}