{"id":204623,"date":"2021-04-02T07:54:00","date_gmt":"2021-04-02T05:54:00","guid":{"rendered":"https:\/\/www.cronacaonline.it\/?p=204623"},"modified":"2021-04-02T07:54:01","modified_gmt":"2021-04-02T05:54:01","slug":"assemblea-degli-eletti-m5s-conte-sfida-complessa-e-affascinante-ma-voglio-rifondare-il-movimento","status":"publish","type":"post","link":"https:\/\/www.cronacaonline.it\/index.php\/2021\/04\/02\/assemblea-degli-eletti-m5s-conte-sfida-complessa-e-affascinante-ma-voglio-rifondare-il-movimento\/","title":{"rendered":"Assemblea degli eletti M5s, Conte: &#8220;Sfida complessa e affascinante, ma voglio rifondare il Movimento&#8221;."},"content":{"rendered":"\n<p>Roma, 2 Apr 2021 \u2013 Ieri, l'ex presidente del Consiglio dei Ministri Giuseppe Conte, si \u00e8 rivolto, durante l\u2019assemblea degli eletti del Movimento 5 stelle, ed ha affermato: \"Abbiamo convissuto fianco a fianco. Abbiamo condiviso un'esperienza di governo, abbiamo lavorato con leale collaborazione, con costante determinazione e sano pragmatismo\".<\/p>\n\n\n\n<p>\"Quando \u00e8 terminata la mia seconda esperienza di governo \u2013 ha detto ieri Conte - ho subito avuto chiaro che non era possibile volgere lo sguardo alle sofferenze degli italiani, dovevamo dar vita a un nuovo governo per porre fine a una crisi irresponsabile, ma confesso - aggiunge Conte - che in quel momento non avevo chiara una visione del mio futuro impegno in politica. Gi\u00e0 allora feci per\u00f2 una promessa: io ci sono, io ci sar\u00f2. Ho accettato di cimentarmi in questa sfida molto complessa, ma anche affascinante: \u00e8 una sfida che voglio dire con un concetto forte, ben preciso: 'rifondare il M5s'. Non un restyling, non marketing politico, ma puntare tutti insieme a una concreta opera di rigenerazione del Movimento\".<\/p>\n\n\n\n<p>Tra gli impegni che il Movimento 5 stelle del futuro&nbsp;deve assumere c'\u00e8 quello di spingere per \"misure per migliorare la qualit\u00e0 del&nbsp;sistema rappresentativo, ma anche per rafforzare la democrazia diretta in cui i&nbsp;cittadini siano coinvolti\". Lo ha detto l'ex presidente del Consiglio Giuseppe&nbsp;Conte, intervenendo all'assemblea in streaming con i parlamentari e gli eletti&nbsp;locali del Movimento 5 stelle.&nbsp;\"La democrazia digitale, con gli iscritti chiamati a decidere sui passaggi&nbsp;fondamentali rimarr\u00e0 un elemento fondamentale anche del mio movimento\", ha&nbsp;promesso il leader in pectore del M5s.<\/p>\n\n\n\n<p>\"Dobbiamo evitare di cadere nei limiti della forma&nbsp;partito tradizionale, in crisi da tempo. Avremo regole rigorose che contrasteranno la formazione di correnti interne che&nbsp;finiscono per cristallizzare sfere di influenza. Non abbiamo nemmeno bisogno di&nbsp;associazioni varie il nostro impegno politico viviamolo appieno nel Movimento\",&nbsp;ha detto Conte.<\/p>\n\n\n\n<p>\"Proporr\u00f2 una Carta dei principi e dei&nbsp;valori\" affinch\u00e9 \"chi vorr\u00e0 aderire al Movimento non abbia dubbi sulla&nbsp;chiara identit\u00e0 del progetto politico\". \"Proporr\u00f2 anche una rivisitazione delle 5&nbsp;Stelle, quelle nate dalla Carta di Firenze del 2009\", ha proseguito.<\/p>\n\n\n\n<p>Uno vale uno, ma serve competenza Bisogna liberarsi \"di alcuni equivoci. La regola dell'uno&nbsp;vale uno \u00e8 fondamento della democrazia, \u00e8 il traguardo del suffragio&nbsp;universale. Ma quando si tratta di indicare il rappresentante del popolo, in una&nbsp;posizione di rilievo pubblico, istituzionali di responsabilit\u00e0, occorrono&nbsp;persone oneste, ma anche con competenze specifiche e, aggiungo, capaci\".<\/p>\n\n\n\n<p>\"Dopo la pausa pasquale avvier\u00f2 una serie&nbsp;di incontri per raccogliere i vostri suggerimenti. Voglio ascoltare le&nbsp;vostre proposte per poi condividere con voi il progetto finale\", ha&nbsp;detto Giuseppe Conte ai parlamentari durante l'assemblea di gruppi&nbsp;M5S, illustrando le linee guida del suo progetto rifondativo per il&nbsp;Movimento 5 Stelle.<\/p>\n\n\n\n<p>\"Oggi c'\u00e8 tra noi una persona che vuole il bene del Movimento e del Paese, che con noi ha costruito in questi anni un legame basato sulla stima e sulla condivisione di battaglie. Il presidente Conte. Lo abbiamo indicato, ben due volte, come Presidente del Consiglio e ha saputo interpretare quel ruolo nel migliore dei modi possibili\". Lo ha detto Vito Crimi, capo politico reggente del Movimento 5 stelle, aprendo l'assemblea on line degli eletti stellati alla quale partecipa l'ex capo del Governo Giuseppe Conte.<\/p>\n\n\n\n<p>\"Con lui - ha sottolineato - abbiamo avviato un percorso di cambiamento radicale, condiviso momenti difficili ed esaltanti, realizzato e difeso il Reddito di cittadinanza, dato un vero impulso alla innovazione digitale del paese, portato avanti battaglie sulla giustizia, sulla scuola, sulla sanit\u00e0, sull'ambiente, per le imprese e i diritti dei lavoratori e affrontato insieme questa sciagura della pandemia. Non \u00e8 necessario che io ricordi chi \u00e8 Giuseppe Conte\".<\/p>\n\n\n\n<p>\"Per qualificare lo spessore basta ricordare che con la fine del precedente governo ha dimostrato, soprattutto in un momento cos\u00ec difficile, spirito del servizio e quella signorilit\u00e0 che sono risaltati ancora di pi\u00f9 di fronte alle bassezze e meschinit\u00e0 di chi lo ha attaccato dalla maggioranza e dall'opposizione in modo puramente strumentale. Conte ha dimostrato, con la forza della sobriet\u00e0, la differenza tra chi ha a cuore il bene del Paese e chi pensa solo al proprio orticello e all'interesse personale o di parte\".<\/p>\n\n\n\n<p>\"Al termine del suo mandato, di cui non ripercorro le tappe che tutti conoscete, ha manifestato la volont\u00e0 - ha detto ancora Crimi - di non disperdere il patrimonio accumulato in questi anni. Un patrimonio fatto di risultati, di informazioni, di competenza. Ha manifestato il desiderio di avviare un percorso con noi, con il Movimento 5 Stelle i cui valori ha condiviso e condivide\".<\/p>\n\n\n\n<p>\"Questa sera - ha detto ancora Crimi - lo abbiamo invitato a condividere con noi le riflessioni di queste ultime settimane sul Movimento 5 Stelle, sul ruolo che ancora il Movimento pu\u00f2 svolgere nell'interesse dei cittadini e come possiamo realizzare gli obiettivi ambiziosi che ci siamo dati e come possiamo essere un a forza motore di cambiamento\".<\/p>\n\n\n\n<p>\"Coraggio, impegno e visione. Lavoriamo per il bene del Paese, per uscire da questa pandemia, pensando a sostenere imprese, lavoratori e famiglie. Dobbiamo rimanere concentrati su questo. Viva il MoVimento 5 Stelle!\". Lo scrive il ministro degli Esteri Luigi Di Maio su Fb.<\/p>\n","protected":false},"excerpt":{"rendered":"<p>Roma, 2 Apr 2021 \u2013 Ieri, l&#8217;ex presidente del Consiglio dei Ministri Giuseppe Conte, si \u00e8 rivolto, durante l\u2019assemblea degli eletti del Movimento 5 stelle,&#8230;<\/p>\n","protected":false},"author":2,"featured_media":204625,"comment_status":"closed","ping_status":"open","sticky":false,"template":"","format":"standard","meta":[],"categories":[49,51],"tags":[],"_links":{"self":[{"href":"https:\/\/www.cronacaonline.it\/index.php\/wp-json\/wp\/v2\/posts\/204623"}],"collection":[{"href":"https:\/\/www.cronacaonline.it\/index.php\/wp-json\/wp\/v2\/posts"}],"about":[{"href":"https:\/\/www.cronacaonline.it\/index.php\/wp-json\/wp\/v2\/types\/post"}],"author":[{"embeddable":true,"href":"https:\/\/www.cronacaonline.it\/index.php\/wp-json\/wp\/v2\/users\/2"}],"replies":[{"embeddable":true,"href":"https:\/\/www.cronacaonline.it\/index.php\/wp-json\/wp\/v2\/comments?post=204623"}],"version-history":[{"count":1,"href":"https:\/\/www.cronacaonline.it\/index.php\/wp-json\/wp\/v2\/posts\/204623\/revisions"}],"predecessor-version":[{"id":204626,"href":"https:\/\/www.cronacaonline.it\/index.php\/wp-json\/wp\/v2\/posts\/204623\/revisions\/204626"}],"wp:featuredmedia":[{"embeddable":true,"href":"https:\/\/www.cronacaonline.it\/index.php\/wp-json\/wp\/v2\/media\/204625"}],"wp:attachment":[{"href":"https:\/\/www.cronacaonline.it\/index.php\/wp-json\/wp\/v2\/media?parent=204623"}],"wp:term":[{"taxonomy":"category","embeddable":true,"href":"https:\/\/www.cronacaonline.it\/index.php\/wp-json\/wp\/v2\/categories?post=204623"},{"taxonomy":"post_tag","embeddable":true,"href":"https:\/\/www.cronacaonline.it\/index.php\/wp-json\/wp\/v2\/tags?post=204623"}],"curies":[{"name":"wp","href":"https:\/\/api.w.org\/{rel}","templated":true}]}}