{"id":204558,"date":"2021-03-31T20:20:08","date_gmt":"2021-03-31T18:20:08","guid":{"rendered":"https:\/\/www.cronacaonline.it\/?p=204558"},"modified":"2021-03-31T20:20:10","modified_gmt":"2021-03-31T18:20:10","slug":"cdm-approvate-le-nuove-misure-anti-covid-in-vigore-a-partire-dal-7-aprile","status":"publish","type":"post","link":"https:\/\/www.cronacaonline.it\/index.php\/2021\/03\/31\/cdm-approvate-le-nuove-misure-anti-covid-in-vigore-a-partire-dal-7-aprile\/","title":{"rendered":"Cdm: approvate le nuove misure anti Covid in vigore a partire dal 7 aprile."},"content":{"rendered":"\n<p>Roma, 31 Mar 2021 - Il Consiglio dei ministri ha approvato, a\u00a0quanto si apprende, il decreto contenente le nuove misure anti-Covid. Il provvedimento entrer\u00e0 in vigore il 7 aprile e rester\u00e0 valido fino\u00a0alla fine del mese.<\/p>\n\n\n\n<p>Dopo Pasqua, valutando l'andamento dell'epidemia e la&nbsp;implementazione del piano vaccinale, il governo valuter\u00e0 la riapertura di&nbsp;quelle attivit\u00e0 che possono ripartire in sicurezza, senza aspettare la scadenza&nbsp;del decreto a fine di aprile. \u00c8 la mediazione raggiunta, a quanto si apprende,&nbsp;nel corso del Cdm per rispondere alle sollecitazioni che arrivavano da parte&nbsp;della Lega in primis, ma anche da Forza Italia e Italia Viva.<\/p>\n\n\n\n<p>All'interno del provvedimento ci sono le misure per il contenimento della pandemia, ma anche l'obbligo di vaccinazione per il personale sanitario, lo \"scudo penale\" per i vaccinatori e le norme per lo svolgimento dei concorsi pubblici.<\/p>\n\n\n\n<p>L'impostazione di base \u00e8 quella di prorogare fino al 30 aprile le attuali limitazioni, prevedendo solo zone arancioni o rosse, senza possibilit\u00e0 di \"giallo\". Unico 'allentamento' riguarderebbe la scuola, con lezioni in presenza, fino alla prima media, anche in zona rossa.<\/p>\n\n\n\n<p>Ieri il premier Mario Draghi, alla ricerca di una mediazione, aveva ipotizzato l'inserimento, nel decreto, di un \"meccanismo\" che permetta di riaprire alcune attivit\u00e0 in presenza di \"dati molto favorevoli\" nella seconda met\u00e0 di aprile. Una proposta condivisa con la ministra per gli Affari regionali, Mariastella Gelmini.<\/p>\n\n\n\n<p>Troppo secondo i \"rigoristi\" (il ministro Roberto Speranza, ma anche parte del Pd), troppo poco, secondo gli \"aperturisti\", in prima fila la Lega. Se Speranza teme che ci possa essere un \"automatismo\" nella relazione tra miglioramento dei dati e riaperture, questo \u00e8 proprio quello che chiede la Lega. \"Chiedo che il Consiglio dei ministri prenda atto di quello che la scienza dice: se a met\u00e0 aprile grazie al caldo, ai vaccini, i dati migliorano, tanta gente pu\u00f2 tornare alla vita, impedirglielo sarebbe un pregiudizio ideologico\", ha fatto sapere stamani Matteo Salvini.<\/p>\n\n\n\n<p>Pi\u00f9 sfumata la posizione di Forza Italia: pur consapevoli della gravit\u00e0 del momento, per gli azzurri \u00e8 necessario che sia inserito un \"segnale politico\" che dia fiducia e ottimismo sulla possibilit\u00e0 di ripartire. Sul \"meccanismo\" si gioca dunque l'accordo nel governo.<\/p>\n\n\n\n<p>L'altro tema caldo \u00e8 quello dei viaggi all'estero: l'ordinanza sull'obbligo di tampone e quarantena di 5 giorni per chi va all'estero e rientra in Italia o per chi entra dall'estero in Italia, potrebbe essere prorogata fino al 30 aprile. Ma c'\u00e8 chi nella maggioranza continua a nutrire qualche dubbio, affermando che \"\u00e8 un deterrente per chi vuole recarsi all'estero, ma anche per quei pochi europei che vogliono venire in Italia\".<\/p>\n\n\n\n<p>Dopo il Consiglio dei ministri non \u00e8 prevista alcuna conferenza stampa, n\u00e9 del premier Mario Draghi, n\u00e9 dei ministri Roberto Speranza e Mariastella Gelmini, come accadde nel primo Dl anti Covid del nuovo governo.<\/p>\n\n\n\n<p>Possibile la nomina oggi in Cdm del nuovo sottosegretario ai Rapporti con il Parlamento. \u00c8 quanto si apprende da fonti di governo. Per la casella lasciata vacante da Simona Malpezzi, neocapogruppo Pd al Senato, \u00e8 in pole la senatrice dem Caterina Bini.<\/p>\n\n\n\n<p>Il decreto Covid e il decreto per impedire il transito delle navi da crociera da Venezia sono all'ordine del giorno del Consiglio dei ministri. Il dl Covid, oltre alle nuove misure contro l'epidemia, conterr\u00e0 anche l'obbligo di vaccinazione per il personale sanitario e le norme per tenere i concorsi pubblici.<\/p>\n\n\n\n<p>Il ministro del Turismo, Massimo Garavaglia ha rassicurato i rappresentanti della filiera turistica e quelli della sanit\u00e0, riuniti oggi a Olbia, che \"\u00e8 sul tavolo del governo l'ipotesi di mettere una pezza al decreto Ristori, il cui budget deciso dal governo precedente \u00e8 insufficiente. Ma - ha aggiunto - auspichiamo che sia l'ultima\".<\/p>\n\n\n\n<p>\"Oggi pomeriggio in Consiglio dei ministri porter\u00f2 il tema delle date per le riaperture, settore per settore, in modo che ci si organizzi\". L'ha annunciato il ministro del Turismo, Massimo Garavaglia. \"Quando si pu\u00f2 aprire un parco acquatico o tematico? Finch\u00e9 non si sa, non si pu\u00f2 fare la prevendita n\u00e9 si possono programmare pulizie e manutenzioni. Quindi, \u00e8 fondamentale dare del tempo. Ancora, le fiere internazionali, ci vogliono mesi per programmarle\".<\/p>\n\n\n\n<p>\"Ho posto il tema al ministro Speranza\", ha aggiunto Garavaglia. \"Il presidente Draghi ha pi\u00f9 volte ribadito la fondamentale importanza della programmazione. Riproporr\u00f2 la questione questo pomeriggio: vogliamo sapere settore per settore quali saranno le date. Almeno per iniziare a dare messaggi chiari in modo che si possa partire in serenit\u00e0. Sappiamo tutti che quest'estate sar\u00e0 pi\u00f9 o meno come l'anno scorso, con in pi\u00f9 col vaccino che va avanti e, quindi, meglio dell'anno scorso. Per\u00f2, in Sardegna in particolare, abbiamo bisogno di sapere quando parte la stagione e poi di farla finire il pi\u00f9 tardi possibile\".&nbsp;<\/p>\n\n\n\n<p>Italia rossa e arancione fino al 30 aprile, possibile deroga in base a contagi e vaccini.<\/p>\n\n\n\n<p>Scudo penale per chi somministra il vaccino.<\/p>\n\n\n\n<p>Obbligo vaccino per medici e operatori sanitari.<\/p>\n\n\n\n<p>Scuola in presenza fino a prima media. Le Regioni non possono derogare.<\/p>\n\n\n\n<p>Slittano di 5 mesi le elezioni per il rinnovo degli ordini professionali.<\/p>\n\n\n\n<p>Sanitari no vax spostati, demansionati o con stipendio sospeso.<\/p>\n\n\n\n<p>Per concorsi pubblici via libera a modalit\u00e0 semplificate.<\/p>\n\n\n\n<p>Via libera alla prova scritta per il concorso in magistratura.<\/p>\n\n\n\n<p>Fino al 30 aprile stop a visite a amici in zona rossa.&nbsp;In arancione consentite solo in ambito comunale.<\/p>\n\n\n\n<p>Proroga al 31 maggio della convenzione per il collegamento con le isole, per assicurare servizi continuit\u00e0 mentre si concludono le procedure.<\/p>\n","protected":false},"excerpt":{"rendered":"<p>Roma, 31 Mar 2021 &#8211; Il Consiglio dei ministri ha approvato, a\u00a0quanto si apprende, il decreto contenente le nuove misure anti-Covid. Il provvedimento entrer\u00e0 in&#8230;<\/p>\n","protected":false},"author":2,"featured_media":203986,"comment_status":"closed","ping_status":"open","sticky":false,"template":"","format":"standard","meta":[],"categories":[49,51],"tags":[],"_links":{"self":[{"href":"https:\/\/www.cronacaonline.it\/index.php\/wp-json\/wp\/v2\/posts\/204558"}],"collection":[{"href":"https:\/\/www.cronacaonline.it\/index.php\/wp-json\/wp\/v2\/posts"}],"about":[{"href":"https:\/\/www.cronacaonline.it\/index.php\/wp-json\/wp\/v2\/types\/post"}],"author":[{"embeddable":true,"href":"https:\/\/www.cronacaonline.it\/index.php\/wp-json\/wp\/v2\/users\/2"}],"replies":[{"embeddable":true,"href":"https:\/\/www.cronacaonline.it\/index.php\/wp-json\/wp\/v2\/comments?post=204558"}],"version-history":[{"count":1,"href":"https:\/\/www.cronacaonline.it\/index.php\/wp-json\/wp\/v2\/posts\/204558\/revisions"}],"predecessor-version":[{"id":204559,"href":"https:\/\/www.cronacaonline.it\/index.php\/wp-json\/wp\/v2\/posts\/204558\/revisions\/204559"}],"wp:featuredmedia":[{"embeddable":true,"href":"https:\/\/www.cronacaonline.it\/index.php\/wp-json\/wp\/v2\/media\/203986"}],"wp:attachment":[{"href":"https:\/\/www.cronacaonline.it\/index.php\/wp-json\/wp\/v2\/media?parent=204558"}],"wp:term":[{"taxonomy":"category","embeddable":true,"href":"https:\/\/www.cronacaonline.it\/index.php\/wp-json\/wp\/v2\/categories?post=204558"},{"taxonomy":"post_tag","embeddable":true,"href":"https:\/\/www.cronacaonline.it\/index.php\/wp-json\/wp\/v2\/tags?post=204558"}],"curies":[{"name":"wp","href":"https:\/\/api.w.org\/{rel}","templated":true}]}}