{"id":204245,"date":"2021-03-25T17:12:29","date_gmt":"2021-03-25T16:12:29","guid":{"rendered":"https:\/\/www.cronacaonline.it\/?p=204245"},"modified":"2021-03-26T07:26:48","modified_gmt":"2021-03-26T06:26:48","slug":"consiglio-europeo-a-bruxelles-al-centro-del-vertice-dei-capi-di-stato-e-di-governo-il-tema-vaccini","status":"publish","type":"post","link":"https:\/\/www.cronacaonline.it\/index.php\/2021\/03\/25\/consiglio-europeo-a-bruxelles-al-centro-del-vertice-dei-capi-di-stato-e-di-governo-il-tema-vaccini\/","title":{"rendered":"Vertice Ue, Draghi: gli europei ingannati da alcune case farmaceutiche."},"content":{"rendered":"\n<p>Cagliari, 26 Mar 2021 - Si \u00e8 concluso in serata, in videoconferenza, il tradizionale vertice di marzo dei capi di Stato e di governo dell'Ue. Il Consiglio Ue \u00e8 stato presieduto da Charles Michel in collegamento da Bruxelles con le capitali. Rispetto alle previsioni, il summit \u00e8 terminato in anticipo, senza la riunione di domani. I leader si sono confrontati anzitutto sui temi legati alla pandemia di Covid-19, inclusa la proposta del certificato verde digitale avanzata dalla Commissione Europea.\u00a0\u00c8 seguita la conferenza stampa congiunta del presidente del Consiglio europeo, Charles Michel, con la presidente della Commissione, Ursula von der Leyen. I leader del Consiglio europeo hanno siglato un documento comune.<\/p>\n\n\n\n<p>I capi di Stato e di Governo Ue&nbsp;hanno confermato che \"la chiave della ripartizione delle dosi \u00e8 in base alla popolazione\". \u00c8 quanto si legge nel documento conclusivo del vertice Ue. I leader dei Ventisette, nelle conclusioni del vertice, hanno invitato il Coreper \"ad affrontare la questione dell'assegnazione delle 10 milioni di dosi di BioNTech-Pfizer anticipate al secondo trimestre del 2021 in uno spirito di solidariet\u00e0\".<\/p>\n\n\n\n<p>\"Con la Commissione europea siamo mobilitati ad aumentare sostanzialmente la produzione e la distribuzione dei vaccini anti-Covid nelle prossime settimane\". Cos\u00ec il presidente della Commissione europea, Charles Michel, al termine della videoconferenza dei leader Ue.<\/p>\n\n\n\n<p>\u201c\u00c8 stato un Consiglio eccezionale con la partecipazione del presidente americano, Joe Biden. L'ultima volta fu undici anni fa con Barack Obama\". Lo ha dichiarato il presidente del Consiglio europeo, Charles Michel, nella conferenza stampa al termine. \"Abbiamo avuto l'occasione di sentire la visione del presidente sulla futura collaborazione tra Ue e Usa. E' stata l'occasione per noi per esprimere il nostro impegno per l'Alleanza atlantica. Abbiamo identificato i temi su cui ci impegniamo insieme in particolare sulla necessit\u00e0 di garantire accesso ai vaccini e alle catene di approvvigionamento\", ha aggiunto Michel.&nbsp;Il commissario europeo Thierry Breton e la sua task force sono in contatto con l'amministrazione statunitense \"per garantire gli approvvigionamenti necessari per produrre pi\u00f9 dosi\", ha detto Charles Michel.<\/p>\n\n\n\n<p>La mortalit\u00e0 cresce meno dei contagi, primo effetto della vaccinazioni degli anziani, ha aggiunto la presidente della Commissione europea, Ursula von der Leyen, parlando nella conferenza stampa dopo Michel. Per von der Leyen&nbsp;\"la situazione resta preoccupante. Per questo serve una vaccinazione rapida ed efficace\". Sui vaccini, la presidente della Commissione ha detto&nbsp;che la Ue continuer\u00e0 l'export ed ha auspicato che altri facciano lo stesso.<\/p>\n\n\n\n<p>\"Con il presidente Biden c'\u00e8 stato un ottimo scambio di vedute. Ue e Stati Uniti sono entrambi produttori di vaccini, \u00e8 nell'interesse comune collaborare per garantire il funzionamento delle catene di approvvigionamento\", ha dichiarato la presidente von der Leyen. \"Gli Usa sono un partner importante, di valore per noi, dobbiamo creare una nuova agenda Ue-Usa per cogliere nuove opportunit\u00e0\", ha aggiunto.<\/p>\n\n\n\n<p>\"Vogliamo essere certi di avere la parte di vaccini che ci compete, perch\u00e9 dobbiamo poter spiegare ai cittadini che se le societ\u00e0 esportano i vaccini al resto del mondo \u00e8 perch\u00e9 stanno rispettando integralmente gli impegni presi e non c'\u00e8 rischio per la sicurezza degli approvvigionamenti in Ue\" ha chiarito von der Leyen. \"L'Ue \u00e8 orgogliosa di essere la casa di aziende che esportano in tutto il mondo e sar\u00e0 sempre una fervente sostenitrice della cooperazione globale. Invitiamo gli altri a corrispondere alla nostra apertura\", ha aggiunto.<\/p>\n\n\n\n<p>\"Le societ\u00e0 farmaceutiche devono onorare i loro contratti con l'Unione europea prima di poter esportare i loro vaccini anti-Covid in altre regioni del mondo, e questo \u00e8 naturalmente il caso di AstraZeneca\"&nbsp;ha affermato Ursula von der Leyen. \"Penso che sia chiaro per la societ\u00e0 che innanzitutto deve recuperare il ritardo\" nelle consegne, \"e onorare i contratti con gli stati membri dell'Ue, prima di poter riprendere a esportare i suoi vaccini\", ha avvertito la presidente della Commissione. Rispondendo poi a una domanda sullo stock di dosi di vaccini AstraZeneca trovato dalle ispezioni delle autorit\u00e0 italiane \"nascosto\" nello stabilimento di Anagni, von der Leyen ha precisato: \"La societ\u00e0 ha chiarito che di questi 29 milioni di dosi, 13 milioni sono destinate al progetto Covax e 16 milioni sono per gli Stati membri dell'Ue. In effetti per noi \u00e8 importante che i vaccini siano consegnati al Covax\", che \"\u00e8 lo strumento pi\u00f9 importante per assicurare che i paesi a reddito medio basso abbiano accesso ai vaccini\". Inoltre, ha concluso la presidente della Commissione, \"le sostanze farmaceutiche che sono state usate per l\u2019infialatura nel sito di produzione italiano venivano dalla Corea del Sud e dalla Cina, e questo \u00e8 la via usuale per la produzione dei vaccini destinati al Covax\".<\/p>\n\n\n\n<p>\"Abbiamo un forte interesse ad espandere la produzione di vaccini nell'Unione europea per essere preparati per il prossimo anno e per il momento in cui dovremo rilanciare l'immunit\u00e0 contro il Covid o le sue varianti\", ha detto infine la presidente della Commissione Ue. \"E' nostro interesse intensificare la cooperazione\" e \"investire nelle case farmaceutiche affidabili, che hanno dimostrato di poter aumentare la produzione e onorare il loro contratto, perch\u00e9 in tempi di pandemia \u00e8 la strada giusta da percorrere\", ha aggiunto.&nbsp;<\/p>\n\n\n\n<p>\"I cittadini europei si sentono ingannati da alcune case farmaceutiche\". Lo ha detto il premier Mario Draghi, secondo quanto viene riferito da alcune fonti a Bruxelles, alla videoconferenza dei leader, dove ha anche ripercorso la vicenda delle 29 milioni di dosi ritrovate nello stabilimento di Anagni. Inoltre, il premier&nbsp;ha pienamente condiviso la proposta della Commissione Ue di introdurre un certificato verde digitale, invitando anche ad approfondire alcuni possibili ostacoli all'esecuzione del progetto. Secondo quanto si apprende da fonti a Bruxelles, Draghi ha detto che gli Stati avranno bisogno di tutto l'aiuto che la Commissione pu\u00f2 dare, perch\u00e9 avere piattaforme nazionali e renderle interoperabili non \u00e8 un risultato banale. Draghi ha anche invitato i leader a riflettere su come affrontare i possibili rischi di discriminazione tra persone causati dall'introduzione del certificato.&nbsp;Il premier ha&nbsp;dato il suo ''pieno sostegno'' alla proposta di von der Leyen di rafforzare il meccanismo europeo sulle esportazioni di vaccini.<\/p>\n\n\n\n<p>Nel corso della discussione all'Eurosummit sul ruolo internazionale dell'euro, il premier ha detto che la priorit\u00e0 assoluta deve essere non commettere errori durante la ripresa economica. E poi: \"Dobbiamo disegnare una cornice per la&nbsp;politica fiscale che sia in grado di portarci fuori dalla crisi\". Draghi ha inoltre sottolineato l'importanza di creare un titolo comune europeo. \"Lo so che la strada \u00e8 lunga, ma dobbiamo cominciare a incamminarci. \u00c8 un obbiettivo di lungo periodo, ma \u00e8 importante avere un impegno politico\", ha detto Draghi, secondo quanto riferiscono fonti Ue. Draghi ha&nbsp;poi invitato a prendere esempio dagli Stati Uniti per rafforzare il ruolo dell'euro.&nbsp;\"Negli Usa hanno un'unione dei mercati dei capitali, un'unione bancaria completa, e un bene sicuro\", ha notato Draghi, aggiungendo che questi elementi sono la chiave del ruolo internazionale del dollaro.<\/p>\n\n\n\n<p>Nel suo intervento durante il Consiglio europeo, il premier Mario Draghi ha poi ripercorso i punti salienti della vicenda dei vaccini AstraZeneca ritrovati nello stabilimento di Anagni e ha chiesto alla presidente della Commissione europea, Ursula von der Leyen, se ritiene giusto chele dosi localizzate in Belgio e in Olanda restino destinate all'Unione europea, in tutto o in parte. Nell'intervento di replica, la presidente ha rassicurato sul fatto che le dosi prodotte in Ue saranno destinate alla Ue. E' quanto si apprende da fonti a Bruxelles.<\/p>\n","protected":false},"excerpt":{"rendered":"<p>Cagliari, 26 Mar 2021 &#8211; Si \u00e8 concluso in serata, in videoconferenza, il tradizionale vertice di marzo dei capi di Stato e di governo dell&#8217;Ue.&#8230;<\/p>\n","protected":false},"author":2,"featured_media":204246,"comment_status":"closed","ping_status":"open","sticky":false,"template":"","format":"standard","meta":[],"categories":[49,51],"tags":[],"_links":{"self":[{"href":"https:\/\/www.cronacaonline.it\/index.php\/wp-json\/wp\/v2\/posts\/204245"}],"collection":[{"href":"https:\/\/www.cronacaonline.it\/index.php\/wp-json\/wp\/v2\/posts"}],"about":[{"href":"https:\/\/www.cronacaonline.it\/index.php\/wp-json\/wp\/v2\/types\/post"}],"author":[{"embeddable":true,"href":"https:\/\/www.cronacaonline.it\/index.php\/wp-json\/wp\/v2\/users\/2"}],"replies":[{"embeddable":true,"href":"https:\/\/www.cronacaonline.it\/index.php\/wp-json\/wp\/v2\/comments?post=204245"}],"version-history":[{"count":2,"href":"https:\/\/www.cronacaonline.it\/index.php\/wp-json\/wp\/v2\/posts\/204245\/revisions"}],"predecessor-version":[{"id":204260,"href":"https:\/\/www.cronacaonline.it\/index.php\/wp-json\/wp\/v2\/posts\/204245\/revisions\/204260"}],"wp:featuredmedia":[{"embeddable":true,"href":"https:\/\/www.cronacaonline.it\/index.php\/wp-json\/wp\/v2\/media\/204246"}],"wp:attachment":[{"href":"https:\/\/www.cronacaonline.it\/index.php\/wp-json\/wp\/v2\/media?parent=204245"}],"wp:term":[{"taxonomy":"category","embeddable":true,"href":"https:\/\/www.cronacaonline.it\/index.php\/wp-json\/wp\/v2\/categories?post=204245"},{"taxonomy":"post_tag","embeddable":true,"href":"https:\/\/www.cronacaonline.it\/index.php\/wp-json\/wp\/v2\/tags?post=204245"}],"curies":[{"name":"wp","href":"https:\/\/api.w.org\/{rel}","templated":true}]}}