{"id":204103,"date":"2021-03-22T20:13:48","date_gmt":"2021-03-22T19:13:48","guid":{"rendered":"https:\/\/www.cronacaonline.it\/?p=204103"},"modified":"2021-03-22T20:13:50","modified_gmt":"2021-03-22T19:13:50","slug":"vaccini-lultima-promessa-del-generalissimo-figliuolo-artigliere-di-montana-un-milione-di-dosi-di-pfizer-arriveranno-alle-regioni-entro-24-ore","status":"publish","type":"post","link":"https:\/\/www.cronacaonline.it\/index.php\/2021\/03\/22\/vaccini-lultima-promessa-del-generalissimo-figliuolo-artigliere-di-montana-un-milione-di-dosi-di-pfizer-arriveranno-alle-regioni-entro-24-ore\/","title":{"rendered":"Vaccini, l\u2019ultima promessa del generalissimo Figliuolo artigliere di montana: &#8220;Un milione di dosi di Pfizer arriveranno alle Regioni entro 24 ore&#8221;."},"content":{"rendered":"\n<p>Roma, 22 Mar 2021 - \"Entro le prossime 24 ore - ha comunicato il generale-commissario Figliuolo - circa un milione di dosi del vaccino Pfizer verranno distribuite alle regioni, interessando 214 strutture sanitarie\". Quest\u2019ultimo annuncio \u00e8 stato fatto nel corso del vertice di lavoro tenuto in giornata dal presidente del Consiglio, Mario Draghi con il capo della Protezione civile, Fabrizio Curcio, e con il commissario straordinario per l'emergenza Francesco Figliuolo. Al centro dell'incontro i temi dell'approvvigionamento e la gestione della campagna vaccinale nelle regioni.<\/p>\n\n\n\n<p>Draghi nel pomeriggio ha avuto, inoltre, una riunione con la ministra per gli Affari regionali, Mariastella Gelmini, con la quale \u00e8 stato fatto un punto preliminare sulle soluzioni che concorreranno a rafforzare la collaborazione e il coordinamento con le regioni impegnate a dare tempestiva attuazione al nuovo piano vaccinale.<\/p>\n\n\n\n<p>Prima l'incontro con il commissario all'Emergenza,&nbsp;Francesco Paolo Figliuolo, e il capo della protezione civile, Francesco Curcio.&nbsp;Poi quello con la ministra agli Affari Regionali Mariastella Gelmini. Il&nbsp;premier Mario Draghi ha dedicato gran parte del luned\u00ec a fare il punto sul&nbsp;piano vaccinale che bisogna mettere a pieno regime nel pi\u00f9 breve tempo&nbsp;possibile per raggiungere l'obiettivo delle 500mila vaccinazioni al giorno entro&nbsp;aprile.<\/p>\n\n\n\n<p>A preoccupare, dopo lo stop di Astrazeneca - che per\u00f2, viene fatto&nbsp;notare, \u00e8 stato in gran parte recuperato - \u00e8 il discorso&nbsp;dell'approvvigionamento dei farmaci, soprattutto la differenza da un territorio&nbsp;all'altro nella copertura della popolazione ad agitare gli animi del governo.&nbsp;Al primo problema, ha assicurato il generale Figliuolo, si risponder\u00e0 gi\u00e0&nbsp;entro le prossime 24 ore, con la distribuzione nelle varie Regioni, interessando&nbsp;214 strutture sanitarie di circa un milione di dosi del vaccino Pfizer.<\/p>\n\n\n\n<p>Il tema&nbsp;delle forniture dei vaccini sar\u00e0 anche al tavolo del Consiglio Ue di gioved\u00ec e&nbsp;venerd\u00ec, dove Draghi ripeter\u00e0 quanto gi\u00e0 detto nella riunione di febbraio:&nbsp;contro le aziende inadempienti servono \"azioni forti\", una strada che l'Italia&nbsp;ha gi\u00e0 intrapreso e che intende continuare a percorrere. Ma non solo: bisogna&nbsp;valutare ogni strada possibile e muoversi in maniera compatta in Europa.<\/p>\n\n\n\n<p>\"Qui si tratta della salute, se il coordinamento europeo funziona bisogna&nbsp;seguirlo, se non funziona bisogna andare per conto proprio\", ha avvisato in&nbsp;conferenza stampa venerd\u00ec scorso, commentando le parole di Merkel sul farmaco&nbsp;russo. Parole con cui, ha ammesso il premier, si trova assolutamente d'accordo:&nbsp;se l'Ue proseguir\u00e0 vagliando Sputnik bene, altrimenti \"si proceder\u00e0 in un&nbsp;altro modo\".<\/p>\n\n\n\n<p>L'altro nodo \u00e8 quello delle Regioni, e Draghi l'ha&nbsp;affrontato ancora nel pomeriggio con la ministra competente, Mariastella&nbsp;Gelmini, con cui ha fatto un punto preliminare sulle \"soluzioni che&nbsp;concorreranno a rafforzare la collaborazione e il coordinamento con le Regioni&nbsp;impegnate a dare tempestiva attuazione al nuovo Piano vaccinale\".<\/p>\n\n\n\n<p>L'ipotesi cui&nbsp;si sta lavorando \u00e8 quello di mettere in piedi delle 'task force regionali'&nbsp;composte da uomini della Difesa e della protezione civile per affiancare il&nbsp;personale delle Regioni. Nel decreto sostegno ci sono risorse per il&nbsp;potenziamento del piano vaccinale: 1,38 miliardi destinati al consolidamento del&nbsp;piano vaccinale, la gestione dell'emergenza e attivit\u00e0 correlate\" e assegnati&nbsp;direttamente al commissario straordinario all'emergenza e alla protezione&nbsp;civile.<\/p>\n\n\n\n<p>&nbsp;E poi un fondo da 2,8 miliardi di cui 2,1 per l'acquisto di vaccini e&nbsp;700mila per farmaci anti Covid.<\/p>\n","protected":false},"excerpt":{"rendered":"<p>Roma, 22 Mar 2021 &#8211; &#8220;Entro le prossime 24 ore &#8211; ha comunicato il generale-commissario Figliuolo &#8211; circa un milione di dosi del vaccino Pfizer&#8230;<\/p>\n","protected":false},"author":2,"featured_media":203760,"comment_status":"closed","ping_status":"open","sticky":false,"template":"","format":"standard","meta":[],"categories":[49,51],"tags":[],"_links":{"self":[{"href":"https:\/\/www.cronacaonline.it\/index.php\/wp-json\/wp\/v2\/posts\/204103"}],"collection":[{"href":"https:\/\/www.cronacaonline.it\/index.php\/wp-json\/wp\/v2\/posts"}],"about":[{"href":"https:\/\/www.cronacaonline.it\/index.php\/wp-json\/wp\/v2\/types\/post"}],"author":[{"embeddable":true,"href":"https:\/\/www.cronacaonline.it\/index.php\/wp-json\/wp\/v2\/users\/2"}],"replies":[{"embeddable":true,"href":"https:\/\/www.cronacaonline.it\/index.php\/wp-json\/wp\/v2\/comments?post=204103"}],"version-history":[{"count":1,"href":"https:\/\/www.cronacaonline.it\/index.php\/wp-json\/wp\/v2\/posts\/204103\/revisions"}],"predecessor-version":[{"id":204104,"href":"https:\/\/www.cronacaonline.it\/index.php\/wp-json\/wp\/v2\/posts\/204103\/revisions\/204104"}],"wp:featuredmedia":[{"embeddable":true,"href":"https:\/\/www.cronacaonline.it\/index.php\/wp-json\/wp\/v2\/media\/203760"}],"wp:attachment":[{"href":"https:\/\/www.cronacaonline.it\/index.php\/wp-json\/wp\/v2\/media?parent=204103"}],"wp:term":[{"taxonomy":"category","embeddable":true,"href":"https:\/\/www.cronacaonline.it\/index.php\/wp-json\/wp\/v2\/categories?post=204103"},{"taxonomy":"post_tag","embeddable":true,"href":"https:\/\/www.cronacaonline.it\/index.php\/wp-json\/wp\/v2\/tags?post=204103"}],"curies":[{"name":"wp","href":"https:\/\/api.w.org\/{rel}","templated":true}]}}