{"id":204049,"date":"2021-03-21T17:17:24","date_gmt":"2021-03-21T16:17:24","guid":{"rendered":"https:\/\/www.cronacaonline.it\/?p=204049"},"modified":"2021-03-21T17:17:26","modified_gmt":"2021-03-21T16:17:26","slug":"covid-medici-e-infermieri-italiani-candidati-ufficialmente-al-nobel-per-la-pace-speranza-guardare-al-futuro-con-rinnovata-fiducia-penso-che-faremo-unestate-diversa","status":"publish","type":"post","link":"https:\/\/www.cronacaonline.it\/index.php\/2021\/03\/21\/covid-medici-e-infermieri-italiani-candidati-ufficialmente-al-nobel-per-la-pace-speranza-guardare-al-futuro-con-rinnovata-fiducia-penso-che-faremo-unestate-diversa\/","title":{"rendered":"Covid, medici e infermieri italiani candidati ufficialmente al Nobel per la pace. Speranza: &#8220;Guardare al futuro con rinnovata fiducia&#8221;. &#8220;Penso che faremo un&#8217;estate diversa&#8221;."},"content":{"rendered":"\n<p>Roma, 21 Mar 2021 - \"E' stato un anno difficilissimo per tutti, per tutti i nostri concittadini, \u00e8 stata durissima. Vediamo che oggi abbiamo nuovi strumenti, dobbiamo guardare al futuro con rinnovata fiducia. E' ancora dura ma grazie alla campagna vaccinale possiamo guardare alle prossime settimane con fiducia\", ha detto il ministro della Salute Roberto Speranza a Domenica In, su RaiUno.<\/p>\n\n\n\n<p>\"Io sono ottimista, in questi mesi sono stato quello pi\u00f9 duro, quello che ha chiesto le misure restrittive e che \u00e8 stato sempre costretto a dire la verit\u00e0. Credo che ci siano le ragioni per guardare con pi\u00f9 fiducia alle prossime settimane. Con l'aumentare del numero di persone vaccinate, la situazione andr\u00e0 migliorando\".<\/p>\n\n\n\n<p>\"Sono convinto che gi\u00e0 alla fine della primavera e durante l'estate vedremo un miglioramento - aggiunge -. Vivremo un'estate diversa rispetto alle giornate di oggi. Poi ci sar\u00e0 ancora bisogno di una gradualit\u00e0, non ci sar\u00e0 un giorno X in cui tutto scompare e si torna alla vita normale\".&nbsp;<\/p>\n\n\n\n<p>\u00c8 ufficiale: i medici e gli infermieri italiani sono candidati al premio Nobel per la Pace dopo il benestare dell'Accademia dei Nobel di Oslo. \"Sono le donne e gli uomini del nostro servizio sanitario. Sono persone che hanno svolto il loro dovere senza risparmiarsi un istante. E che continuano a farlo perch\u00e9 negli ospedali c'\u00e8 ancora tantissima pressione\", ha detto il ministro della Salute Roberto Speranza intervistato da Mara Venier a Domenica in. \"Tutti hanno capito quanto conta di avere un sevizio sanitario all'altezza che si prende cura di tutti\", ha proseguito il ministro prima di aggiungere: \"il miglior modo di ringraziarli \u00e8 investire su di loro, su questi&nbsp;donne e uomini che sono stati protagonisti di questo difficile periodo\".<\/p>\n\n\n\n<p>\"Dove abbiamo iniziato a vaccinare vediamo numeri molto incoraggianti. I contagi tra il personale sanitario sono crollati in modo significativa, numeri contenuti anche nelle RSA dove \u00e8 stata fatta una vaccinazione massiva\".<\/p>\n\n\n\n<p>\"Le vaccinazioni con AstraZeneca sono riprese da 48 ore, la risposta \u00e8 stata buona, vuol dire che la stragrande maggioranza di persone \u00e8 consapevole che il vaccino \u00e8 l'unico strumento per uscire da questa stagione drammatica\". Cos\u00ec il ministro della Salute Roberto Speranza a Domenica In su RaiUno. Che alla domanda: \u00e8 disponibile a vaccinarsi con Astrazeneca? Risponde: \"Sono disponibile, intanto ringrazio il generale Figliuolo e Curcio\" che lo hanno fatto ieri.<\/p>\n\n\n\n<p>\"In Cdm venerd\u00ec abbiamo approvato una norma che permette le vaccinazioni in farmacie. Le farmacie italiane sono 19mila, dunque hanno una grande forza di capillarit\u00e0. Quindi le useremo, appena avremo un numero di dosi pi\u00f9 significativo\". Cos\u00ec il ministro della Salute, Roberto Speranza, ai microfoni di Domenica In.<\/p>\n\n\n\n<p>\"Ora abbiamo in Italia tre vaccini: Pfizer, Moderna e Astrazeneca. Un quarto, quello di Johnson &amp; Johnson, \u00e8 stato gi\u00e0 approvato da Ema e Aifa. \u00c8 importante perch\u00e9 \u00e8 il primo monodose, ci aiuter\u00e0 sul piano organizzativo e logistico\".&nbsp;<\/p>\n","protected":false},"excerpt":{"rendered":"<p>Roma, 21 Mar 2021 &#8211; &#8220;E&#8217; stato un anno difficilissimo per tutti, per tutti i nostri concittadini, \u00e8 stata durissima. Vediamo che oggi abbiamo nuovi&#8230;<\/p>\n","protected":false},"author":2,"featured_media":203829,"comment_status":"closed","ping_status":"open","sticky":false,"template":"","format":"standard","meta":[],"categories":[49,51],"tags":[],"_links":{"self":[{"href":"https:\/\/www.cronacaonline.it\/index.php\/wp-json\/wp\/v2\/posts\/204049"}],"collection":[{"href":"https:\/\/www.cronacaonline.it\/index.php\/wp-json\/wp\/v2\/posts"}],"about":[{"href":"https:\/\/www.cronacaonline.it\/index.php\/wp-json\/wp\/v2\/types\/post"}],"author":[{"embeddable":true,"href":"https:\/\/www.cronacaonline.it\/index.php\/wp-json\/wp\/v2\/users\/2"}],"replies":[{"embeddable":true,"href":"https:\/\/www.cronacaonline.it\/index.php\/wp-json\/wp\/v2\/comments?post=204049"}],"version-history":[{"count":1,"href":"https:\/\/www.cronacaonline.it\/index.php\/wp-json\/wp\/v2\/posts\/204049\/revisions"}],"predecessor-version":[{"id":204050,"href":"https:\/\/www.cronacaonline.it\/index.php\/wp-json\/wp\/v2\/posts\/204049\/revisions\/204050"}],"wp:featuredmedia":[{"embeddable":true,"href":"https:\/\/www.cronacaonline.it\/index.php\/wp-json\/wp\/v2\/media\/203829"}],"wp:attachment":[{"href":"https:\/\/www.cronacaonline.it\/index.php\/wp-json\/wp\/v2\/media?parent=204049"}],"wp:term":[{"taxonomy":"category","embeddable":true,"href":"https:\/\/www.cronacaonline.it\/index.php\/wp-json\/wp\/v2\/categories?post=204049"},{"taxonomy":"post_tag","embeddable":true,"href":"https:\/\/www.cronacaonline.it\/index.php\/wp-json\/wp\/v2\/tags?post=204049"}],"curies":[{"name":"wp","href":"https:\/\/api.w.org\/{rel}","templated":true}]}}