{"id":204045,"date":"2021-03-21T16:00:20","date_gmt":"2021-03-21T15:00:20","guid":{"rendered":"https:\/\/www.cronacaonline.it\/?p=204045"},"modified":"2021-03-21T16:00:21","modified_gmt":"2021-03-21T15:00:21","slug":"vaccini-la-presenza-del-super-militare-come-commissario-finora-non-ha-portato-a-niente-ed-ora-il-generalissimo-promette-da-domani-oltre-200mila-dosi-a-giorno","status":"publish","type":"post","link":"https:\/\/www.cronacaonline.it\/index.php\/2021\/03\/21\/vaccini-la-presenza-del-super-militare-come-commissario-finora-non-ha-portato-a-niente-ed-ora-il-generalissimo-promette-da-domani-oltre-200mila-dosi-a-giorno\/","title":{"rendered":"Vaccini: la presenza del super militare come commissario finora non ha portato a niente ed ora il generalissimo promette da domani oltre 200mila dosi a giorno."},"content":{"rendered":"\n<p>Roma, 21 Mar 2021 - \u00c8 di poco superiore ai 200mila al giorno la media massima delle somministrazioni del vaccini in Italia la prossima settimana.<\/p>\n\n\n\n<p>Il calcolo - che emerge anche da una verifica fatta con il Commissario per l'Emergenza Covid, Francesco Figliuolo - \u00e8 stato eseguito in base alla disponibilit\u00e0 di dosi attuali e quelle previste in arrivo nei prossimi sette giorni.<\/p>\n\n\n\n<p>A quanto si apprende, gi\u00e0 attualmente la capacit\u00e0 di inoculazione nelle varie strutture del Paese sarebbe invece gi\u00e0 di circa il doppio rispetto alle quantit\u00e0 di fiale a disposizione.<\/p>\n","protected":false},"excerpt":{"rendered":"<p>Roma, 21 Mar 2021 &#8211; \u00c8 di poco superiore ai 200mila al giorno la media massima delle somministrazioni del vaccini in Italia la prossima settimana.&#8230;<\/p>\n","protected":false},"author":2,"featured_media":199622,"comment_status":"closed","ping_status":"open","sticky":false,"template":"","format":"standard","meta":[],"categories":[49,51],"tags":[],"_links":{"self":[{"href":"https:\/\/www.cronacaonline.it\/index.php\/wp-json\/wp\/v2\/posts\/204045"}],"collection":[{"href":"https:\/\/www.cronacaonline.it\/index.php\/wp-json\/wp\/v2\/posts"}],"about":[{"href":"https:\/\/www.cronacaonline.it\/index.php\/wp-json\/wp\/v2\/types\/post"}],"author":[{"embeddable":true,"href":"https:\/\/www.cronacaonline.it\/index.php\/wp-json\/wp\/v2\/users\/2"}],"replies":[{"embeddable":true,"href":"https:\/\/www.cronacaonline.it\/index.php\/wp-json\/wp\/v2\/comments?post=204045"}],"version-history":[{"count":1,"href":"https:\/\/www.cronacaonline.it\/index.php\/wp-json\/wp\/v2\/posts\/204045\/revisions"}],"predecessor-version":[{"id":204046,"href":"https:\/\/www.cronacaonline.it\/index.php\/wp-json\/wp\/v2\/posts\/204045\/revisions\/204046"}],"wp:featuredmedia":[{"embeddable":true,"href":"https:\/\/www.cronacaonline.it\/index.php\/wp-json\/wp\/v2\/media\/199622"}],"wp:attachment":[{"href":"https:\/\/www.cronacaonline.it\/index.php\/wp-json\/wp\/v2\/media?parent=204045"}],"wp:term":[{"taxonomy":"category","embeddable":true,"href":"https:\/\/www.cronacaonline.it\/index.php\/wp-json\/wp\/v2\/categories?post=204045"},{"taxonomy":"post_tag","embeddable":true,"href":"https:\/\/www.cronacaonline.it\/index.php\/wp-json\/wp\/v2\/tags?post=204045"}],"curies":[{"name":"wp","href":"https:\/\/api.w.org\/{rel}","templated":true}]}}