{"id":204019,"date":"2021-03-20T17:23:10","date_gmt":"2021-03-20T16:23:10","guid":{"rendered":"https:\/\/www.cronacaonline.it\/?p=204019"},"modified":"2021-03-20T17:23:12","modified_gmt":"2021-03-20T16:23:12","slug":"caso-open-arms-salvini-deve-essere-processato-per-sequestro-di-persona-e-rifiuto-di-atti-dufficio-lo-chiede-la-procura-di-palermo","status":"publish","type":"post","link":"https:\/\/www.cronacaonline.it\/index.php\/2021\/03\/20\/caso-open-arms-salvini-deve-essere-processato-per-sequestro-di-persona-e-rifiuto-di-atti-dufficio-lo-chiede-la-procura-di-palermo\/","title":{"rendered":"Caso Open Arms, Salvini deve essere processato per sequestro di persona e rifiuto di atti d\u2019ufficio: lo chiede la Procura di Palermo."},"content":{"rendered":"\n<p>Palermo, 20 Mar 2021 \u2013 L\u2019ex ministro dell\u2019Interno Matteo Salvini, deve essere processato. Lo chiede il Procuratore capo di Palermo, Francesco Lo Voi, al termine della discussione, perch\u00e9 accusato di sequestro di persona e rifiuto di atti di ufficio nell'ambito del procedimento per il caso Open Arms.\u00a0E poi rinviata al prossimo 17 aprile l'udienza preliminare per le conclusioni della\u00a0difesa dell'ex ministro. Il capo della Lega \u00e8 accusato di avere trattenuto \"illecitamente\" 147 migranti a bordo della nave della ong spagnola nell'agosto del 2019.<\/p>\n\n\n\n<p>A differenza della Procura di Catania, che per il caso Gregoretti chiede il non luogo a procedere, i magistrati di Palermo chiedono per il leader della Lega il processo. La discussione \u00e8 stata sostenuta dai tre magistrati presenti in aula, al bunker del carcere Ucciardone di Palermo. La prima a parlare \u00e8 stata la Procuratrice aggiunta Marzia Sabella, seguita dal pm Geri Ferrara. Ha concluso il Capo della Procura Francesco Lo Voi. \"Non vedremmo come in un caso come questo non si possa chiedere il rinvio a giudizio\", ha ribadito il magistrato, secondo cui non c'era alcuna condivisione all'interno del governo, ma le decisioni furono prese da Salvini.<\/p>\n\n\n\n<p>\"Il Pos (place of safety ndr) \u00e8 di per s\u00e9&nbsp;un atto di urgenza che viene rilasciato in&nbsp;media in due giorni e viene rilasciato senza bisogno di particolari atti formali. La&nbsp;redistribuzione faceva parte delle competenze del Presidente del&nbsp;consiglio, ma in ogni caso l'urgenza del Pos riguardava il Ministero&nbsp;dell'interno\" ha detto la Procuratrice aggiunta Marzia Sabella nel corso della discussione. \"Non abbiamo alcun difetto di informazione - dice - non&nbsp;abbiamo problemi di varia natura che ritardavano il rilascio del Pos\". \"Emerge invece dagli atti la volont\u00e0 contraria del ministero&nbsp;dell'Interno al rilascio del Pos - ha concluso Sabella -. Intanto, si ha, dopo la sospensione del primo decreto, il tentativo di emettere un&nbsp;nuovo decreto interdittivo\".<\/p>\n\n\n\n<p>\"Si tratta di un atto politico? Le conclusioni a cui ci portano, non solo le testimonianze raccolte durante l'istruttoria dal Tribunale dei ministri di Palermo ma durante il giudizio a Catania, ci portano a ritenere che non si tratti affatto di un atto politico, ma di un atto amministrativo. Ma ha aggiunto Conte che non si \u00e8&nbsp;mai discusso in Consiglio dei ministri dei singoli casi. Sulla concessione del Pos il Cdm non si \u00e8&nbsp;mai occupato e che nessuna decisione \u00e8&nbsp;mai stata condivisa e che il problema della redistribuzione era un problema generale e non legato ai singoli casi\". A dirlo il procuratore capo di Palermo, Francesco Lo Voi, durante l'udienza preliminare. \"Non c'era l'atto politico, non c'era alcuna condivisione. La decisione era esclusivamente del ministro dell'Interno il quale prendeva la decisione e come dice il ministro Di Maio la portava a conoscenza degli altri con un tweet. La condivisione c'era sul principio della redistribuzione\".<\/p>\n\n\n\n<p>\"La procura di Palermo ha chiesto il rinvio a giudizio e il processo contro di me per sequestro di persona, 15 anni di carcere la pena prevista. Preoccupato? Proprio no. Sono orgoglioso di aver lavorato per proteggere il mio Paese rispettando la legge, svegliando l'Europa e salvando vite. Se questo deve provocarmi problemi e sofferenze, me ne faccio carico con gioia. Male non fare, paura non avere\" ha commentato Salvini.<\/p>\n\n\n\n<p>\"Ci aspettavamo la richiesta di rinvio a giudizio, non mi pare la notizia del giorno\". Cos\u00ec l'avvocato&nbsp;Giulia Bongiorno, legale di Matteo Salvini, ha commentato la richiesta di rinvio a giudizio.&nbsp;Al termine dell'udienza preliminare, in cui oltre alla Procura hanno concluso le parti civili, Bongiorno ha puntualizzato alcuni aspetti della linea difensiva.<\/p>\n\n\n\n<p>\"Questo processo - ha spiegato - contesta a Salvini il sequestro di persona perch\u00e9 il divieto di sbarco disposto dal Viminale sarebbe stato annullato dal Tar. Prego tutti di leggere il provvedimento dei giudici amministrativi, perch\u00e9 sospese solo in parte l'efficacia del divieto di sbarco per poter prestare aiuto ai migranti che avessero bisogno di soccorso. E il Governo infatti fece entrare la nave e si diede soccorso a chi ne aveva necessit\u00e0, quindi non ci fu nessuna disobbedienza\".<\/p>\n\n\n\n<p>\"Da tutti gli atti - ha proseguito - emerge che la nave della ong catalana aveva pi\u00f9 opzioni: la Spagna, Malta, ma non le volle. \u00c8 come se io fossi chiusa in una stanza e restassi dentro nonostante avessi delle uscite, solo perch\u00e9 le uscite non mi piacciono. Potremmo parlare di sequestro?\".&nbsp;Infine, la legale ha sostenuto che tutta la gestione della vicenda rientrava pienamente nella linea politica del Governo, che prevedeva prima la redistribuzione dei profughi nei Paesi europei, poi lo sbarco in Italia.<\/p>\n\n\n\n<p>\"Augurandoci che si proceda per l'accertamento della verit\u00e0, ribadiamo, associandoci alle conclusioni della Procura, che la violazione dei diritti di donne, uomini e bambini vulnerabili \u00e8 un reato che deve essere perseguito e che nessuno, tanto meno un Ministro della Repubblica, pu\u00f2 derogare ai principi su cui si fondano le nostre repubbliche democratiche\". Lo afferma Open Arms in nota diffusa dopo l'udienza preliminare, in cui l'Ong \u00e8 una delle parti civili.<\/p>\n","protected":false},"excerpt":{"rendered":"<p>Palermo, 20 Mar 2021 \u2013 L\u2019ex ministro dell\u2019Interno Matteo Salvini, deve essere processato. Lo chiede il Procuratore capo di Palermo, Francesco Lo Voi, al termine&#8230;<\/p>\n","protected":false},"author":2,"featured_media":178080,"comment_status":"closed","ping_status":"open","sticky":false,"template":"","format":"standard","meta":[],"categories":[49,51],"tags":[],"_links":{"self":[{"href":"https:\/\/www.cronacaonline.it\/index.php\/wp-json\/wp\/v2\/posts\/204019"}],"collection":[{"href":"https:\/\/www.cronacaonline.it\/index.php\/wp-json\/wp\/v2\/posts"}],"about":[{"href":"https:\/\/www.cronacaonline.it\/index.php\/wp-json\/wp\/v2\/types\/post"}],"author":[{"embeddable":true,"href":"https:\/\/www.cronacaonline.it\/index.php\/wp-json\/wp\/v2\/users\/2"}],"replies":[{"embeddable":true,"href":"https:\/\/www.cronacaonline.it\/index.php\/wp-json\/wp\/v2\/comments?post=204019"}],"version-history":[{"count":1,"href":"https:\/\/www.cronacaonline.it\/index.php\/wp-json\/wp\/v2\/posts\/204019\/revisions"}],"predecessor-version":[{"id":204020,"href":"https:\/\/www.cronacaonline.it\/index.php\/wp-json\/wp\/v2\/posts\/204019\/revisions\/204020"}],"wp:featuredmedia":[{"embeddable":true,"href":"https:\/\/www.cronacaonline.it\/index.php\/wp-json\/wp\/v2\/media\/178080"}],"wp:attachment":[{"href":"https:\/\/www.cronacaonline.it\/index.php\/wp-json\/wp\/v2\/media?parent=204019"}],"wp:term":[{"taxonomy":"category","embeddable":true,"href":"https:\/\/www.cronacaonline.it\/index.php\/wp-json\/wp\/v2\/categories?post=204019"},{"taxonomy":"post_tag","embeddable":true,"href":"https:\/\/www.cronacaonline.it\/index.php\/wp-json\/wp\/v2\/tags?post=204019"}],"curies":[{"name":"wp","href":"https:\/\/api.w.org\/{rel}","templated":true}]}}