{"id":203983,"date":"2021-03-19T20:09:34","date_gmt":"2021-03-19T19:09:34","guid":{"rendered":"https:\/\/www.cronacaonline.it\/?p=203983"},"modified":"2021-03-19T20:09:36","modified_gmt":"2021-03-19T19:09:36","slug":"essere-bravi-piu-degli-altri-era-solo-un-sogno-e-in-pochi-giorni-i-sardi-si-sono-giocati-la-loro-quasi-totale-liberta-infatti-da-lunedi-prossimo-22-marzo-la-sardegna-torna-in-arancione-e-si-ricom","status":"publish","type":"post","link":"https:\/\/www.cronacaonline.it\/index.php\/2021\/03\/19\/essere-bravi-piu-degli-altri-era-solo-un-sogno-e-in-pochi-giorni-i-sardi-si-sono-giocati-la-loro-quasi-totale-liberta-infatti-da-lunedi-prossimo-22-marzo-la-sardegna-torna-in-arancione-e-si-ricom\/","title":{"rendered":"Essere bravi pi\u00f9 degli altri era solo un sogno e in pochi giorni i sardi si sono giocati la loro quasi totale libert\u00e0. Infatti, da luned\u00ec prossimo, 22 Marzo, la Sardegna torna in Arancione. E si ricomincia con le chiusure."},"content":{"rendered":"\n<p>Roma, 19 Mar 2021 \u2013 Dopo il peggioramento dei dati a livello nazionale, il Ministro della Salute, Roberto Speranza questa sera firmer\u00e0 la nuova ordinanza che stabilisce i nuovi colori delle regioni.<\/p>\n\n\n\n<p>Infatti, sulla base dei nuovi dati sui contagi, la <strong>Sardegna&nbsp;<\/strong>passer\u00e0 da bianca direttamente in zona arancione, senza fermarsi al giallo. Una vera sconfitta per la stupidit\u00e0 degli isolani che in pochi giorni si sono giocato la loro quasi piena libert\u00e0 di movimento e lavoro. Quindi non sono stati i turisti a mandarci a \u2018come eravamo\u2019 ma siamo stati solo noi.<\/p>\n\n\n\n<p>Infatti, questa sera, visto che da giorni i dati relativi alla Sardegna erano in peggioramento.<\/p>\n\n\n\n<p>\u201cA decidere le fasce \u00e8 un algoritmo e basta una leggera sfasatura dei dati che pu\u00f2 cambiare tutto, anche in una situazione positiva e sotto controllo come quella che viviamo in Sardegna\u201d, aveva detto l\u2019assessore regionale della Sanit\u00e0 Mario Nieddu.<\/p>\n\n\n\n<p>La Sardegna compie un doppio cambio di fascia (con il decreto legge che regola i comportamenti fino al 6 aprile e in questa fase cruciale nessuna regione pu\u00f2 pi\u00f9 essere in fascia gialla), passando dalla zona bianca a quella arancione, che impone la chiusura di bar e ristoranti e limitazioni agli spostamenti.<\/p>\n","protected":false},"excerpt":{"rendered":"<p>Roma, 19 Mar 2021 \u2013 Dopo il peggioramento dei dati a livello nazionale, il Ministro della Salute, Roberto Speranza questa sera firmer\u00e0 la nuova ordinanza&#8230;<\/p>\n","protected":false},"author":2,"featured_media":199135,"comment_status":"closed","ping_status":"open","sticky":false,"template":"","format":"standard","meta":[],"categories":[49,51],"tags":[],"_links":{"self":[{"href":"https:\/\/www.cronacaonline.it\/index.php\/wp-json\/wp\/v2\/posts\/203983"}],"collection":[{"href":"https:\/\/www.cronacaonline.it\/index.php\/wp-json\/wp\/v2\/posts"}],"about":[{"href":"https:\/\/www.cronacaonline.it\/index.php\/wp-json\/wp\/v2\/types\/post"}],"author":[{"embeddable":true,"href":"https:\/\/www.cronacaonline.it\/index.php\/wp-json\/wp\/v2\/users\/2"}],"replies":[{"embeddable":true,"href":"https:\/\/www.cronacaonline.it\/index.php\/wp-json\/wp\/v2\/comments?post=203983"}],"version-history":[{"count":1,"href":"https:\/\/www.cronacaonline.it\/index.php\/wp-json\/wp\/v2\/posts\/203983\/revisions"}],"predecessor-version":[{"id":203984,"href":"https:\/\/www.cronacaonline.it\/index.php\/wp-json\/wp\/v2\/posts\/203983\/revisions\/203984"}],"wp:featuredmedia":[{"embeddable":true,"href":"https:\/\/www.cronacaonline.it\/index.php\/wp-json\/wp\/v2\/media\/199135"}],"wp:attachment":[{"href":"https:\/\/www.cronacaonline.it\/index.php\/wp-json\/wp\/v2\/media?parent=203983"}],"wp:term":[{"taxonomy":"category","embeddable":true,"href":"https:\/\/www.cronacaonline.it\/index.php\/wp-json\/wp\/v2\/categories?post=203983"},{"taxonomy":"post_tag","embeddable":true,"href":"https:\/\/www.cronacaonline.it\/index.php\/wp-json\/wp\/v2\/tags?post=203983"}],"curies":[{"name":"wp","href":"https:\/\/api.w.org\/{rel}","templated":true}]}}