{"id":203881,"date":"2021-03-18T08:15:34","date_gmt":"2021-03-18T07:15:34","guid":{"rendered":"https:\/\/www.cronacaonline.it\/?p=203881"},"modified":"2021-03-18T08:20:39","modified_gmt":"2021-03-18T07:20:39","slug":"covid-19-nuova-ordinanza-del-presidente-della-regione-sardegna-solinas-blocco-degli-ingressi-da-altre-regioni-italiane-per-le-vacanze-nellisola","status":"publish","type":"post","link":"https:\/\/www.cronacaonline.it\/index.php\/2021\/03\/18\/covid-19-nuova-ordinanza-del-presidente-della-regione-sardegna-solinas-blocco-degli-ingressi-da-altre-regioni-italiane-per-le-vacanze-nellisola\/","title":{"rendered":"Covid-19 &#8211; Nuova ordinanza del presidente della Regione Sardegna Solinas: blocco degli ingressi da altre regioni italiane per le vacanze nell\u2019Isola."},"content":{"rendered":"\n<p>Cagliari, 18 Mar 2021 - Il presidente della Giunta regionale della Sardegna, Christian Solinas ieri notte ha firmato una nuova ordinanza con la quale afferma che l\u2019ingresso in Sardegna, con la finalit\u00e0 di recarsi presso le proprie abitazioni diverse da quella principale (seconde case) da parte di persone \u201cnon residenti\u201d, \u00e8 consentito solo in presenza di comprovate esigenze lavorative o situazioni di necessit\u00e0 e\/o di indifferibilit\u00e0 documentata ovvero per motivi di salute e, comunque, secondo le prescrizioni dell\u2019Ordinanza regionale n.5\/2021. ART.2) I vettori e gli armatori prima dell'imbarco dei passeggeri acquisiscono e verificano, oltre alla ricevuta dell\u2019avvenuta registrazione dei passeggeri sull\u2019applicazione \u201cSardegna Sicura\u201d, di cui all\u2019articolo 1 dell\u2019Ordinanza n.5\/2021, la documentazione attestante il possesso dei requisiti previsti dal DPCM 2 marzo 2021 per gli spostamenti dalle Regioni di provenienza e dall\u2019articolo 1 della presente Ordinanza; vietano l'imbarco nel caso in cui la predetta documentazione non sia completa o i passeggeri non siano in possesso dei sopracitati requisiti.<\/p>\n\n\n\n<p>Inoltre gli agenti del Corpo forestale e di Vigilanza Ambientale supporta il personale sanitario di Ats nelle attivit\u00e0 di monitoraggio e controllo delle certificazioni di avvenuta vaccinazione e di sottoposizione al tampone molecolare o antigenico, dichiarate dai passeggeri sulla piattaforma \u201cSardegna Sicura\u201d di cui all\u2019articolo 4 dell\u2019Ordinanza n.5\/2021. Quindi le Societ\u00e0 di gestione degli aeroporti e l\u2019Autorit\u00e0 di Sistema Portuale del Mare di Sardegna, in coordinamento con i competenti organi statali, individuano all\u2019interno degli scali le aree nelle quali il personale di Ats e del Cfva svolge le suddette attivit\u00e0 di verifica.<\/p>\n\n\n\n<p>Anche i sindaci, in qualit\u00e0 di Autorit\u00e0 di Protezione Civile e Sanitaria, sono tenuti a vigilare sul rispetto delle disposizioni dell\u2019Ordinanza n.5\/2021, disponendo idonee misure di monitoraggio e controllo sul rispetto della permanenza domiciliare nei centri abitati, attraverso la Polizia locale e le Compagnie barracellari, e trasmetteranno i dati raccolti alla Sala Operativa Regionale della Direzione Generale della Protezione Civile. Il Corpo Forestale e di Vigilanza Ambientale vigila sul rispetto delle disposizioni dell\u2019Ordinanza n.5\/2021, disponendo idonee misure di monitoraggio e controllo sul rispetto della permanenza domiciliare nelle aree rurali e montane, in quelle costiere e negli ambiti non ricompresi nei centri urbani.<\/p>\n\n\n\n<p>I passeggeri che, in attuazione dell\u2019articolo 4 dell\u2019Ordinanza n.5\/2021, si sono sottoposti al tampone rapido antigenico al quinto giorno successivo a quello di sottoposizione al primo tampone presso le aree dedicate nei porti e aeroporti, o che si sono sottoposti al tampone molecolare entro 48 ore dall\u2019ingresso nel territorio regionale, devono dare atto dell\u2019avvenuto adempimento attraverso la piattaforma di cui all\u2019articolo 1 della medesima Ordinanza.<\/p>\n\n\n\n<p>Per tutto quanto non espressamente disciplinato dalla presente ordinanza si fa espresso rinvio al Dpcm 2 marzo 2021 e relativi allegati.<\/p>\n\n\n\n<p>Inoltre le disposizioni contenute nella presente ordinanza avranno validit\u00e0 dal 18 marzo 2021 e fino al 6 aprile 2021, fatto salvo quanto stabilito dall\u2019articolo 5 che avr\u00e0 decorrenza dal 23 marzo 2021. Salvo che il fatto non costituisca pi\u00f9 grave reato, la mancata osservanza degli obblighi di cui alla presente ordinanza \u00e8 sanzionata come per legge (art. 2 del D.L. 33 del 16 maggio 2020 convertito, con modificazioni, nella Legge 14 luglio 2020, n.74). La presente ordinanza viene trasmessa, secondo le rispettive competenze, al Presidente del Consiglio dei Ministri, al Ministro della Salute, agli Amministratori delle Provincie del territorio regionale, al Sindaco metropolitano di Cagliari, ai Sindaci dei Comuni della Sardegna, al Corpo Forestale e di Vigilanza Ambientale, ai Prefetti degli Uffici territoriali di Governo della Sardegna, agli Assessori regionali, alle societ\u00e0 di gestione aeroportuale, all\u2019Autorit\u00e0 di Sistema Portuale del mare di Sardegna, alle compagnie marittime e aeree interessate ed agli altri soggetti interessati. Avverso la presente ordinanza \u00e8 ammesso ricorso giurisdizionale innanzi al Tribunale Amministrativo Regionale nel termine di sessanta giorni dalla comunicazione, ovvero straordinario al Capo dello Stato entro il termine di giorni centoventi. Com<\/p>\n","protected":false},"excerpt":{"rendered":"<p>Cagliari, 18 Mar 2021 &#8211; Il presidente della Giunta regionale della Sardegna, Christian Solinas ieri notte ha firmato una nuova ordinanza con la quale afferma&#8230;<\/p>\n","protected":false},"author":2,"featured_media":200177,"comment_status":"closed","ping_status":"open","sticky":false,"template":"","format":"standard","meta":[],"categories":[49,51],"tags":[],"_links":{"self":[{"href":"https:\/\/www.cronacaonline.it\/index.php\/wp-json\/wp\/v2\/posts\/203881"}],"collection":[{"href":"https:\/\/www.cronacaonline.it\/index.php\/wp-json\/wp\/v2\/posts"}],"about":[{"href":"https:\/\/www.cronacaonline.it\/index.php\/wp-json\/wp\/v2\/types\/post"}],"author":[{"embeddable":true,"href":"https:\/\/www.cronacaonline.it\/index.php\/wp-json\/wp\/v2\/users\/2"}],"replies":[{"embeddable":true,"href":"https:\/\/www.cronacaonline.it\/index.php\/wp-json\/wp\/v2\/comments?post=203881"}],"version-history":[{"count":1,"href":"https:\/\/www.cronacaonline.it\/index.php\/wp-json\/wp\/v2\/posts\/203881\/revisions"}],"predecessor-version":[{"id":203882,"href":"https:\/\/www.cronacaonline.it\/index.php\/wp-json\/wp\/v2\/posts\/203881\/revisions\/203882"}],"wp:featuredmedia":[{"embeddable":true,"href":"https:\/\/www.cronacaonline.it\/index.php\/wp-json\/wp\/v2\/media\/200177"}],"wp:attachment":[{"href":"https:\/\/www.cronacaonline.it\/index.php\/wp-json\/wp\/v2\/media?parent=203881"}],"wp:term":[{"taxonomy":"category","embeddable":true,"href":"https:\/\/www.cronacaonline.it\/index.php\/wp-json\/wp\/v2\/categories?post=203881"},{"taxonomy":"post_tag","embeddable":true,"href":"https:\/\/www.cronacaonline.it\/index.php\/wp-json\/wp\/v2\/tags?post=203881"}],"curies":[{"name":"wp","href":"https:\/\/api.w.org\/{rel}","templated":true}]}}