{"id":203558,"date":"2021-03-11T10:39:11","date_gmt":"2021-03-11T09:39:11","guid":{"rendered":"https:\/\/www.cronacaonline.it\/?p=203558"},"modified":"2021-03-11T10:39:13","modified_gmt":"2021-03-11T09:39:13","slug":"infettivologo-andreoni-varianti-aggressive-vediamo-tanti-giovani-ricoverati","status":"publish","type":"post","link":"https:\/\/www.cronacaonline.it\/index.php\/2021\/03\/11\/infettivologo-andreoni-varianti-aggressive-vediamo-tanti-giovani-ricoverati\/","title":{"rendered":"Infettivologo Andreoni: &#8220;Varianti aggressive: vediamo tanti giovani ricoverati&#8221;."},"content":{"rendered":"\n<p>Cagliari, 11 Mar 2021 - \"Noi stiamo vedendo un altro fenomeno che ci preoccupa\" legato alle varianti del virus, \"sono colpiti di pi\u00f9 i giovani, si ricoverano molto di pi\u00f9 i giovani e hanno anche manifestazioni gravi. Questo deve essere monitorizzato. I giovani normalmente non arrivavano in ospedale, ora cominciano ad arrivare e questo \u00e8 un campanello d'allarme\". Lo ha detto Massimo Andreoni, direttore scientifico Simit (Societ\u00e0 italiana malattie infettive), ad Agor\u00e0 su Rai 3.<\/p>\n\n\n\n<p>Il fatto che le varianti siano non solo pi\u00f9 trasmissibili, come detto finora, ma anche pi\u00f9 aggressive \"\u00e8 evidentemente un elemento di grande preoccupazione - ha sottolineato Andreoni - perch\u00e9 modifica molto lo scenario epidemiologico e la capacit\u00e0 degli ospedali di rispondere a un eventuale incremento dei numeri\".&nbsp;&nbsp;&nbsp; In ogni caso, ha aggiunto, \"dobbiamo essere impegnati tutti sulla vaccinazione. La nostra grande vera speranza - ha concluso - \u00e8 poter fare una vaccinazione di massa\".<\/p>\n\n\n\n<p>\"Le chiusure sono indispensabili per rallentare la corsa del virus e per permettere di tornare al tracciamento di cui non si parla pi\u00f9. Ma \u00e8 indispensabile\" per non arrivare ad esempio alla situazione del Piemonte dove \"hanno dovuto chiudere gli ospedali ai pazienti non-Covid\". Lo ha detto Massimo Andreoni, direttore scientifico Simit (Societ\u00e0 italiana malattie infettive), ad Agor\u00e0 su Rai 3.<\/p>\n\n\n\n<p>\"Dobbiamo rallentare comunque la corsa del virus - ha ribadito - e io credo che la comparsa delle varianti debba essere un elemento ulteriore di considerazione di intervento sulle misure di contenimento da mettere in atto, non pu\u00f2 essere pi\u00f9 considerato solo il numero dei casi e dei ricoveri\".<\/p>\n\n\n\n<p>\"Io credo che in questo momento bisogna pensare a un confinamento nazionale per raffreddare, in maniera seria, per alcune settimane la circolazione del virus e per cominciare a fare una campagna vaccinale in una situazione diversa da quella attuale\".<\/p>\n\n\n\n<p>Una chiusura breve, ha spiegato, \"lo considero propedeutico all'idea di avviare davvero una campagna vaccinale; 500-700 mila vaccinazioni al giorno, che si possono fare, bisogna farle in condizioni ideali e allora 2 settimane prima penserei di fare un confinamento nazionale\" ha insistito.<\/p>\n\n\n\n<p>Considerando che a fine marzo \u00e8 previsto un picco dei contagi da Covid, \u00e8 esclusa la riapertura dei teatri, cos\u00ec come dei cinema, gi\u00e0 prevista dalle misure varate dal governo? \"Non spetta a me dire se \u00e8 escluso, ma certamente io lo escluderei perch\u00e9 tutto ci\u00f2 che aumenta l'affollamento e riduce la possibilit\u00e0 di controllo della trasmissione del virus, deve essere preso in questo momento in grande considerazione\".<\/p>\n","protected":false},"excerpt":{"rendered":"<p>Cagliari, 11 Mar 2021 &#8211; &#8220;Noi stiamo vedendo un altro fenomeno che ci preoccupa&#8221; legato alle varianti del virus, &#8220;sono colpiti di pi\u00f9 i giovani,&#8230;<\/p>\n","protected":false},"author":2,"featured_media":203559,"comment_status":"closed","ping_status":"open","sticky":false,"template":"","format":"standard","meta":[],"categories":[49,51],"tags":[],"_links":{"self":[{"href":"https:\/\/www.cronacaonline.it\/index.php\/wp-json\/wp\/v2\/posts\/203558"}],"collection":[{"href":"https:\/\/www.cronacaonline.it\/index.php\/wp-json\/wp\/v2\/posts"}],"about":[{"href":"https:\/\/www.cronacaonline.it\/index.php\/wp-json\/wp\/v2\/types\/post"}],"author":[{"embeddable":true,"href":"https:\/\/www.cronacaonline.it\/index.php\/wp-json\/wp\/v2\/users\/2"}],"replies":[{"embeddable":true,"href":"https:\/\/www.cronacaonline.it\/index.php\/wp-json\/wp\/v2\/comments?post=203558"}],"version-history":[{"count":1,"href":"https:\/\/www.cronacaonline.it\/index.php\/wp-json\/wp\/v2\/posts\/203558\/revisions"}],"predecessor-version":[{"id":203560,"href":"https:\/\/www.cronacaonline.it\/index.php\/wp-json\/wp\/v2\/posts\/203558\/revisions\/203560"}],"wp:featuredmedia":[{"embeddable":true,"href":"https:\/\/www.cronacaonline.it\/index.php\/wp-json\/wp\/v2\/media\/203559"}],"wp:attachment":[{"href":"https:\/\/www.cronacaonline.it\/index.php\/wp-json\/wp\/v2\/media?parent=203558"}],"wp:term":[{"taxonomy":"category","embeddable":true,"href":"https:\/\/www.cronacaonline.it\/index.php\/wp-json\/wp\/v2\/categories?post=203558"},{"taxonomy":"post_tag","embeddable":true,"href":"https:\/\/www.cronacaonline.it\/index.php\/wp-json\/wp\/v2\/tags?post=203558"}],"curies":[{"name":"wp","href":"https:\/\/api.w.org\/{rel}","templated":true}]}}