{"id":203486,"date":"2021-03-09T16:44:19","date_gmt":"2021-03-09T15:44:19","guid":{"rendered":"https:\/\/www.cronacaonline.it\/?p=203486"},"modified":"2021-03-09T16:44:21","modified_gmt":"2021-03-09T15:44:21","slug":"dopo-appena-due-giorni-dallultimo-decreto-del-presidente-del-consiglio-si-va-verso-nuove-restrizioni-allo-studio-e-in-via-di-approvazione-nuovo-piano-vaccini-e-nuovi-divieti-le-mosse-del-gov","status":"publish","type":"post","link":"https:\/\/www.cronacaonline.it\/index.php\/2021\/03\/09\/dopo-appena-due-giorni-dallultimo-decreto-del-presidente-del-consiglio-si-va-verso-nuove-restrizioni-allo-studio-e-in-via-di-approvazione-nuovo-piano-vaccini-e-nuovi-divieti-le-mosse-del-gov\/","title":{"rendered":"Dopo appena due giorni dall\u2019ultimo Decreto del Presidente del Consiglio si va verso nuove restrizioni. Allo studio e in via di approvazione nuovo piano vaccini e nuovi divieti le mosse del governo per frenare la terza ondata."},"content":{"rendered":"\n<p>Roma, 9 Mar 2021 - Frenare la crescita dei contagi e accelerare sul piano vaccini. Il governo valuta possibili modifiche al Dpcm in vigore per contrastare la terza ondata dell'epidemia. Questa mattina alle 9 una nuova riunione del Comitato tecnico scientifico per fare il punto della situazione e valutare eventuali nuove misure restrittive in seguito all'aumento dei contagi legato alla diffusione delle varianti di Coronavirus, un'ulteriore stretta nei fine settimana, con chiusure generalizzate, e delle zone rosse pi\u00f9 rigide, come venne fatto a Codogno e negli altri comuni nella prima ondata del virus.<\/p>\n\n\n\n<p>Una zona rossa che sia per\u00f2 totale, rafforzata, con misure stringenti. Questa sarebbe l'indicazione data al governo dal Comitato tecnico scientifico nella riunione. Il passaggio in zona rossa (non solo scuole chiuse), ha raccomandato il Cts, deve essere quindi automatico e non a discrezione del governatore come prevede ora il dpcm. Poi&nbsp;un'ulteriore stretta nei fine settimana, con chiusure generalizzate,&nbsp;come gi\u00e0 fatto durante le vacanze di Natale.<\/p>\n\n\n\n<p>Il rafforzamento, inoltre, delle misure per le zone gialle, con l'obiettivo di ridurre i contatti. Gli esperti avrebbero anche segnalato la necessit\u00e0 di ridurre l'incidenza per ristabilire il tracciamento dei contatti. Nelle indicazioni fornite al governo il Comitato tecnico scientifico ha comunque categoricamente escluso il confinamento nazionale. Per il Cts la strada giusta resta il sistema a fasce e gradualit\u00e0, ma tutte le regole, per ogni livello, vanno inasprite.<\/p>\n\n\n\n<p>Tra le indicazioni poi c'\u00e8 quella di estendere la campagna vaccinale a pi\u00f9 soggetti possibili e nei tempi pi\u00f9 brevi possibili. Gli esperti hanno anche segnalato la necessit\u00e0 di potenziare il sequenziamento del virus per individuare prima possibile le varianti.&nbsp;Le indicazioni fornite questa mattina dal Comitato tecnico scientifico al governo non sono nuove. E il comitato avrebbe sottolineato che la maggior parte dei suggerimenti sono stati pi\u00f9 volte proposti gi\u00e0 dallo scorso gennaio, ma sono stati sempre inascoltati.<\/p>\n\n\n\n<p>Intanto il presidente del Consiglio accelera sul piano dei vaccini.&nbsp;Il tema dell'organizzazione della distribuzione dei vaccini \u00e8 stato discusso ieri dal premier Draghi, dai ministri Speranza e Gelmini, dal Commissario straordinario per l'emergenza Figliuolo e dal capo della Protezione Civile Curcio. Prima dell'incontro con il presidente del Consiglio si era tenuto un vertice durato circa un'ora e mezza.<\/p>\n\n\n\n<p>Tra i punti principali c'\u00e8 l'organizzazione della logistica, coinvolgendo anche le Poste, rappresentate al tavolo di Palazzo Chigi dall'Ad Matteo Del Fante. Poi c'\u00e8 l'aspetto dell'approvvigionamento: il premier, che nei prossimi giorni potrebbe sentire il presidente americano Joe Biden e parlare anche di vaccini, ha spinto in Europa per il blocco all'export delle aziende inadempienti e sarebbe pronto ad aprire alla somministrazione di dosi di tutti i vaccini validati dall'Ema, incluso Sputnik. Ma l'aspetto su cui il presidente del Consiglio sceglie di soffermarsi \u00e8 quello del coordinamento del piano su base nazionale e dei criteri per la somministrazione. L'accelerazione, che deriva anche da scelte come quella di autorizzare Astrazeneca per gli over 65, porter\u00e0 a un \"deciso potenziamento\" delle dosi nelle prossime settimane: \"Si privilegeranno le persone pi\u00f9 fragili e le categorie a rischio\", spiega. E fa un appello a non provare a saltare la fila: \"Aspettare il proprio turno - dice&nbsp;- \u00e8 un modo anche per tutelare la salute dei nostri concittadini pi\u00f9 deboli\".<\/p>\n\n\n\n<p>\"Verso una Strategia nazionale sulla parit\u00e0 di genere\", in occasione della festa della donna. Ma parte dal contesto della pandemia, che vede in questi giorni peggiorare l'emergenza anche se \"mai avremmo pensato che un anno dopo ci saremmo trovati\" ancora in questa condizione, annota. \"Ognuno deve fare la propria parte nel contenere la diffusione del virus. Ma soprattutto il governo deve fare la sua. Anzi deve cercare ogni giorno di fare di pi\u00f9\", dichiara. Draghi non rinuncia a mandare un \"segnale vero di fiducia. Anche in noi stessi\". Ringrazia cittadini, famiglie, insegnanti, operatori sanitari e forze armate. Quanto al governo, afferma: \"Questi esempi di responsabilit\u00e0 civica e professionale, di cittadinanza italiana attiva che impongono al governo di moltiplicare ogni sforzo. Siamo solo all'inizio\".&nbsp; &nbsp;L'appello alle forze politiche \u00e8 non dividersi, mentre bisogna \"permettere al pi\u00f9 presto un ritorno alla normalit\u00e0. Ogni vita conta\", dichiara. Non perdere un attimo, non lasciare nulla di intentato, compiere scelte meditate, ma rapide\", \u00e8 il suo programma.<\/p>\n\n\n\n<p>Il sottosegretario alla Salute Pierpaolo Sileri si \u00e8 detto \"contrario ad una chiusura nazionale\". Intervistato da Rainews24, Sileri ha chiarito che sar\u00e0 invece opportuno, laddove le circostanze lo richiedano, pensare a chiusure e zone rosse localizzate. \"La combinazione delle chiusure dove il virus corre di pi\u00f9 e delle vaccinazioni che hanno interessato gi\u00e0 1,5 milioni di anziani, consentir\u00e0 tra pochissime settimane di vedere la luce in fondo al tunnel'. Poi ha aggiunto: \"Purtroppo le scuole sono state chiuse, ma deve essere una soluzione molto molto transitoria, cos\u00ec come \u00e8 ora di pensare di riaprire i ristoranti la sera: non si pu\u00f2 fare ovunque e in questo momento, ma almeno si pu\u00f2 iniziare a programmare\".<\/p>\n","protected":false},"excerpt":{"rendered":"<p>Roma, 9 Mar 2021 &#8211; Frenare la crescita dei contagi e accelerare sul piano vaccini. Il governo valuta possibili modifiche al Dpcm in vigore per&#8230;<\/p>\n","protected":false},"author":2,"featured_media":203009,"comment_status":"closed","ping_status":"open","sticky":false,"template":"","format":"standard","meta":[],"categories":[49,51],"tags":[],"_links":{"self":[{"href":"https:\/\/www.cronacaonline.it\/index.php\/wp-json\/wp\/v2\/posts\/203486"}],"collection":[{"href":"https:\/\/www.cronacaonline.it\/index.php\/wp-json\/wp\/v2\/posts"}],"about":[{"href":"https:\/\/www.cronacaonline.it\/index.php\/wp-json\/wp\/v2\/types\/post"}],"author":[{"embeddable":true,"href":"https:\/\/www.cronacaonline.it\/index.php\/wp-json\/wp\/v2\/users\/2"}],"replies":[{"embeddable":true,"href":"https:\/\/www.cronacaonline.it\/index.php\/wp-json\/wp\/v2\/comments?post=203486"}],"version-history":[{"count":1,"href":"https:\/\/www.cronacaonline.it\/index.php\/wp-json\/wp\/v2\/posts\/203486\/revisions"}],"predecessor-version":[{"id":203487,"href":"https:\/\/www.cronacaonline.it\/index.php\/wp-json\/wp\/v2\/posts\/203486\/revisions\/203487"}],"wp:featuredmedia":[{"embeddable":true,"href":"https:\/\/www.cronacaonline.it\/index.php\/wp-json\/wp\/v2\/media\/203009"}],"wp:attachment":[{"href":"https:\/\/www.cronacaonline.it\/index.php\/wp-json\/wp\/v2\/media?parent=203486"}],"wp:term":[{"taxonomy":"category","embeddable":true,"href":"https:\/\/www.cronacaonline.it\/index.php\/wp-json\/wp\/v2\/categories?post=203486"},{"taxonomy":"post_tag","embeddable":true,"href":"https:\/\/www.cronacaonline.it\/index.php\/wp-json\/wp\/v2\/tags?post=203486"}],"curies":[{"name":"wp","href":"https:\/\/api.w.org\/{rel}","templated":true}]}}