{"id":203447,"date":"2021-03-09T09:28:21","date_gmt":"2021-03-09T08:28:21","guid":{"rendered":"https:\/\/www.cronacaonline.it\/?p=203447"},"modified":"2021-03-09T09:28:22","modified_gmt":"2021-03-09T08:28:22","slug":"coronavirus-la-pandemia-nel-mondo-700mila-decessi-in-america-latina-calano-i-morti-negli-usa-cina-sperimenta-passaporto-vaccinale","status":"publish","type":"post","link":"https:\/\/www.cronacaonline.it\/index.php\/2021\/03\/09\/coronavirus-la-pandemia-nel-mondo-700mila-decessi-in-america-latina-calano-i-morti-negli-usa-cina-sperimenta-passaporto-vaccinale\/","title":{"rendered":"Coronavirus &#8211;  La pandemia nel mondo; 700mila decessi in America Latina. Calano i morti negli Usa. Cina sperimenta passaporto vaccinale."},"content":{"rendered":"\n<p>Cagliari, 9 Mar 2021 - Il comitato per i medicinali per uso umano dell'Ema, Agenzia europea del farmaco, ha raccomandato di concedere l'autorizzazione condizionata all'immissione in commercio del Remdesivir per il trattamento del Covid-19 negli adulti e adolescenti di et\u00e0 superiore a 12 anni con polmonite che richieda supporto per la respirazione.<\/p>\n\n\n\n<p>Remdesivir, farmaco antivirale gi\u00e0 usato per l'Ebola, \u00e8 il primo medicinale contro il Covid-19 a essere raccomandato per l'autorizzazione in Ue. I dati sul Remdesivir sono stati valutati in un tempo eccezionalmente breve attraverso una procedura di revisione continua, un approccio utilizzato dall'Ema durante le emergenze di sanit\u00e0 pubblica per valutare i dati non appena disponibili. La Commissione europea, che \u00e8 stata informata dall'Ema nel corso della valutazione, intende prendere una decisione sull'autorizzazione condizionale all'immissione in commercio per il Remdesivir la prossima settimana, consentendo la commercializzazione del prodotto nell'Ue.<\/p>\n\n\n\n<p>Nel complesso, lo studio ha mostrato che i pazienti trattati con Remdesivir si sono ripresi dopo circa 11 giorni, rispetto ai 15 giorni per i pazienti trattati con placebo. Questo effetto non \u00e8 stato osservato nei pazienti con malattia da lieve a moderata: il tempo per il recupero \u00e8 stato di 5 giorni sia per il gruppo remdesivir che per il gruppo placebo. Per i pazienti con malattia grave, che costituivano circa il 90% della popolazione dello studio, il tempo necessario per il recupero era di 12 giorni nel gruppo Remdesivir e 18 giorni nel gruppo placebo.<\/p>\n\n\n\n<p>enendo conto dei dati disponibili, l'Ema ha ritenuto che l'equilibrio tra benefici e rischi si sia dimostrato positivo nei pazienti con polmonite che richiedono ossigeno supplementare, cio\u00e8 i pazienti con malattia grave. Remdesivir viene somministrato per flebo in vena e il suo uso \u00e8 limitato alle strutture sanitarie in cui i pazienti possono essere attentamente monitorati; la funzionalit\u00e0 epatica e renale deve essere monitorata prima e durante il trattamento, come appropriato.<\/p>\n\n\n\n<p>Remdesivir \u00e8 raccomandato per un'autorizzazione all'immissione in commercio condizionata, uno dei meccanismi normativi dell'Ue per facilitare l'accesso anticipato ai medicinali che soddisfano un'esigenza medica insoddisfatta, anche in situazioni di emergenza in risposta a minacce per la salute pubblica come l'attuale pandemia. Questo tipo di approvazione consente all'Ema di raccomandare un farmaco per l'autorizzazione all'immissione in commercio con dati meno completi di quanto normalmente previsto, se il beneficio della disponibilit\u00e0 immediata di un farmaco per i pazienti supera il rischio inerente al fatto che non tutti i dati siano ancora disponibili.<\/p>\n","protected":false},"excerpt":{"rendered":"<p>Cagliari, 9 Mar 2021 &#8211; Il comitato per i medicinali per uso umano dell&#8217;Ema, Agenzia europea del farmaco, ha raccomandato di concedere l&#8217;autorizzazione condizionata all&#8217;immissione&#8230;<\/p>\n","protected":false},"author":2,"featured_media":203448,"comment_status":"closed","ping_status":"open","sticky":false,"template":"","format":"standard","meta":[],"categories":[49,51],"tags":[],"_links":{"self":[{"href":"https:\/\/www.cronacaonline.it\/index.php\/wp-json\/wp\/v2\/posts\/203447"}],"collection":[{"href":"https:\/\/www.cronacaonline.it\/index.php\/wp-json\/wp\/v2\/posts"}],"about":[{"href":"https:\/\/www.cronacaonline.it\/index.php\/wp-json\/wp\/v2\/types\/post"}],"author":[{"embeddable":true,"href":"https:\/\/www.cronacaonline.it\/index.php\/wp-json\/wp\/v2\/users\/2"}],"replies":[{"embeddable":true,"href":"https:\/\/www.cronacaonline.it\/index.php\/wp-json\/wp\/v2\/comments?post=203447"}],"version-history":[{"count":1,"href":"https:\/\/www.cronacaonline.it\/index.php\/wp-json\/wp\/v2\/posts\/203447\/revisions"}],"predecessor-version":[{"id":203449,"href":"https:\/\/www.cronacaonline.it\/index.php\/wp-json\/wp\/v2\/posts\/203447\/revisions\/203449"}],"wp:featuredmedia":[{"embeddable":true,"href":"https:\/\/www.cronacaonline.it\/index.php\/wp-json\/wp\/v2\/media\/203448"}],"wp:attachment":[{"href":"https:\/\/www.cronacaonline.it\/index.php\/wp-json\/wp\/v2\/media?parent=203447"}],"wp:term":[{"taxonomy":"category","embeddable":true,"href":"https:\/\/www.cronacaonline.it\/index.php\/wp-json\/wp\/v2\/categories?post=203447"},{"taxonomy":"post_tag","embeddable":true,"href":"https:\/\/www.cronacaonline.it\/index.php\/wp-json\/wp\/v2\/tags?post=203447"}],"curies":[{"name":"wp","href":"https:\/\/api.w.org\/{rel}","templated":true}]}}