{"id":203369,"date":"2021-03-07T16:36:57","date_gmt":"2021-03-07T15:36:57","guid":{"rendered":"https:\/\/www.cronacaonline.it\/?p=203369"},"modified":"2021-03-07T16:36:59","modified_gmt":"2021-03-07T15:36:59","slug":"speranza-in-mezzora-su-rai3-obiettivo-e-vaccinare-entro-lestate-tutti-gli-italiani-che-lo-vorranno","status":"publish","type":"post","link":"https:\/\/www.cronacaonline.it\/index.php\/2021\/03\/07\/speranza-in-mezzora-su-rai3-obiettivo-e-vaccinare-entro-lestate-tutti-gli-italiani-che-lo-vorranno\/","title":{"rendered":"Speranza In mezz&#8217;ora su Rai3: obiettivo \u00e8 vaccinare entro l&#8217;estate tutti gli italiani che lo vorranno."},"content":{"rendered":"\n<p>Roma, 7 Mar 2021 - \"Ci sono nuove evidenze che dimostrano che anche il vaccino di Astrazeneca pu\u00f2 essere usato su tutte le fasce generazionali. Quindi noi abbiamo ricevuto un parere che va in questa direzione dal Consiglio superiore di Sanit\u00e0 e gi\u00e0 da domani o dopodomani ci sar\u00e0 una circolare del Ministero della Salute che andr\u00e0 in questa direzione\" per il vaccino Astrazeneca agli over-65. Lo ha detto il ministro della Salute, Roberto Speranza, a Mezz'ora in pi\u00f9 condotto da Lucia Annunziata su Rai3.<\/p>\n\n\n\n<p>Le varianti - dice Speranza - hanno prodotto un'accelerazione dell'epidemia, quella inglese per esempio si diffonde con il 35\/40% in pi\u00f9 rispetto a quella tradizionale e i nostri casi in aumento sono dovuti proprio a questa variante, gli studi sono ancora in corso, la scienza ha la necessit\u00e0 di prendersi il tempo che necessit\u00e0 per studiare queste novit\u00e0, nuove varianti appaiono giorno dopo giorno. Esse rappresentano una nuova sfida che ci costringe a tenere misure molto rigorose. A Lucia Annunziata che gli chiede se ci sar\u00e0 un nuovo lockdown il ministro risponde che \"giorno per giorno si sta monitorando la curva dei contagi. La vaccinazione di massa deve andare avanti. Abbiamo sottoscritto un accordo unitario con i medici, le misure sono valutate attraverso l'evoluzione della curva dei contagi\".<\/p>\n\n\n\n<p>\"Quello che mi aspetto \u00e8 che l'impatto della variante possa far crescere la curva, quindi mi aspetto che altre regioni vadano verso il rosso con ordinanze di natura restrittiva. Le misure dobbiamo adeguarle all'andamento della curva epidemiologica e valuteremo di giorno in giorno l'andamento della curva\".<\/p>\n\n\n\n<p>\"Noi pensiamo che il prossimo trimestre sia quello decisivo, dal 1\u00b0 aprile ci aspettiamo l'arrivo di oltre 50 milioni di dosi. Puntiamo a raggiungere met\u00e0 della nostra popolazione\". \"C'\u00e8 anche un nuovo vaccino che auspichiamo venga approvato da Ema gi\u00e0 l'11 marzo, quello di Johnson &amp; Johnson che consente una sola dose, fatto assolutamente determinante\". L'obiettivo, conclude Speranza, \u00e8 che \"entro l'estate tutti gli italiani che vorranno devono poter avere la dose del vaccino\". Per quanto riguarda il vaccino russo Sputnik ha detto: \"Pronti a collaborare con la Russia se per Sputnik c'\u00e8 ok Ema ed Aifa\", \"se vaccino funziona non mi interessa la nazionalit\u00e0\".<\/p>\n","protected":false},"excerpt":{"rendered":"<p>Roma, 7 Mar 2021 &#8211; &#8220;Ci sono nuove evidenze che dimostrano che anche il vaccino di Astrazeneca pu\u00f2 essere usato su tutte le fasce generazionali.&#8230;<\/p>\n","protected":false},"author":2,"featured_media":198824,"comment_status":"closed","ping_status":"open","sticky":false,"template":"","format":"standard","meta":[],"categories":[49,51],"tags":[],"_links":{"self":[{"href":"https:\/\/www.cronacaonline.it\/index.php\/wp-json\/wp\/v2\/posts\/203369"}],"collection":[{"href":"https:\/\/www.cronacaonline.it\/index.php\/wp-json\/wp\/v2\/posts"}],"about":[{"href":"https:\/\/www.cronacaonline.it\/index.php\/wp-json\/wp\/v2\/types\/post"}],"author":[{"embeddable":true,"href":"https:\/\/www.cronacaonline.it\/index.php\/wp-json\/wp\/v2\/users\/2"}],"replies":[{"embeddable":true,"href":"https:\/\/www.cronacaonline.it\/index.php\/wp-json\/wp\/v2\/comments?post=203369"}],"version-history":[{"count":1,"href":"https:\/\/www.cronacaonline.it\/index.php\/wp-json\/wp\/v2\/posts\/203369\/revisions"}],"predecessor-version":[{"id":203370,"href":"https:\/\/www.cronacaonline.it\/index.php\/wp-json\/wp\/v2\/posts\/203369\/revisions\/203370"}],"wp:featuredmedia":[{"embeddable":true,"href":"https:\/\/www.cronacaonline.it\/index.php\/wp-json\/wp\/v2\/media\/198824"}],"wp:attachment":[{"href":"https:\/\/www.cronacaonline.it\/index.php\/wp-json\/wp\/v2\/media?parent=203369"}],"wp:term":[{"taxonomy":"category","embeddable":true,"href":"https:\/\/www.cronacaonline.it\/index.php\/wp-json\/wp\/v2\/categories?post=203369"},{"taxonomy":"post_tag","embeddable":true,"href":"https:\/\/www.cronacaonline.it\/index.php\/wp-json\/wp\/v2\/tags?post=203369"}],"curies":[{"name":"wp","href":"https:\/\/api.w.org\/{rel}","templated":true}]}}