{"id":203234,"date":"2021-03-04T12:01:32","date_gmt":"2021-03-04T11:01:32","guid":{"rendered":"https:\/\/www.cronacaonline.it\/?p=203234"},"modified":"2021-03-04T12:01:34","modified_gmt":"2021-03-04T11:01:34","slug":"nelle-scuole-della-sardegna-verso-il-100-della-presenza-i-presidi-subito-i-vaccini","status":"publish","type":"post","link":"https:\/\/www.cronacaonline.it\/index.php\/2021\/03\/04\/nelle-scuole-della-sardegna-verso-il-100-della-presenza-i-presidi-subito-i-vaccini\/","title":{"rendered":"Nelle scuole della Sardegna verso il 100% della presenza. I presidi: &#8220;Subito i vaccini&#8221;."},"content":{"rendered":"\n<p>Cagliari, 4 Mar 2021 - L'associazione nazionale presidi Sardegna chiede alla Regione di avviare subito la vaccinazione degli studenti e corpo docente nonch\u00e9 tutti i dipendenti della scuole sarde.<\/p>\n\n\n\n<p>&nbsp;\"Come cittadini della prima regione in zona bianca - scrive la presidente Anna Maria Maullu - ci sentiamo orgogliosi della responsabilit\u00e0 che il popolo sardo ha dimostrato nel rispettare le regole anti Covid, ma ci preoccupiamo del fatto chele nostre scuole, continuando a ospitare in presenza la totalit\u00e0 degli alunni della fascia 3-14 anni e da luned\u00ec 8 marzo anche il 100% degli studenti della secondaria di II grado, se non si procede subito all'attuazione del piano vaccinale, sono particolarmente esposte al rischio di focolai\".<\/p>\n\n\n\n<p>Quindi l'appello: \"Il personale scolastico - si legge nella lettera indirizzata al governatore Christian Solinas e all'assessore regionale della Sanit\u00e0 Mario Nieddu - \u00e8 senza dubbio una delle categorie maggiormente esposte al rischio di contagio, pertanto deve essere considerato prioritario e urgente procedere a una incisiva azione tesa a garantire loro tutta la protezione necessaria, come del resto gi\u00e0 avvenuto nella maggior parte delle regioni italiane. Le scuole della Sardegna non possono pi\u00f9 aspettare: \u00e8 arrivato il momento di avviare senza pi\u00f9 alcun indugio il piano di vaccinazione, garantendo cos\u00ec la sicurezza e la serenit\u00e0 dei nostri ragazzi e, per il loro tramite della regione intera\".<\/p>\n\n\n\n<p>Uno sforzo per garantire la presenza a scuola sino alla fine dell'anno: \"Organizzando la didattica a distanza - \u00e8 scritto nel documento dei presidi -&nbsp; e ancor pi\u00f9 quando \u00e8 stato possibile riaprire gli edifici scolastici agli alunni, i Dirigenti Scolastici e tutto il personale docente e non docente hanno dato prova di grande abnegazione, di senso del proprio ruolo e di rispetto dei propri doveri, e con flessibilit\u00e0 e resilienza hanno fatto fronte ad ogni situazione, anche quando si \u00e8 trattato di applicare al luned\u00ec decisioni che venivano prese il sabato o, a volte, la domenica sera. Questo impegno - conclude Maullu - merita l'attenzione dei decisori politici, ai quali ora si chiede di mettere il personale scolastico nelle condizioni di recuperare la serenit\u00e0 compromessa dagli effetti della pandemia, dando loro la possibilit\u00e0 di partecipare a una campagna di vaccinazione massiva che riporti dentro le scuole tranquillit\u00e0 e sicurezza\".<\/p>\n","protected":false},"excerpt":{"rendered":"<p>Cagliari, 4 Mar 2021 &#8211; L&#8217;associazione nazionale presidi Sardegna chiede alla Regione di avviare subito la vaccinazione degli studenti e corpo docente nonch\u00e9 tutti i&#8230;<\/p>\n","protected":false},"author":2,"featured_media":138100,"comment_status":"closed","ping_status":"open","sticky":false,"template":"","format":"standard","meta":[],"categories":[49,51],"tags":[],"_links":{"self":[{"href":"https:\/\/www.cronacaonline.it\/index.php\/wp-json\/wp\/v2\/posts\/203234"}],"collection":[{"href":"https:\/\/www.cronacaonline.it\/index.php\/wp-json\/wp\/v2\/posts"}],"about":[{"href":"https:\/\/www.cronacaonline.it\/index.php\/wp-json\/wp\/v2\/types\/post"}],"author":[{"embeddable":true,"href":"https:\/\/www.cronacaonline.it\/index.php\/wp-json\/wp\/v2\/users\/2"}],"replies":[{"embeddable":true,"href":"https:\/\/www.cronacaonline.it\/index.php\/wp-json\/wp\/v2\/comments?post=203234"}],"version-history":[{"count":1,"href":"https:\/\/www.cronacaonline.it\/index.php\/wp-json\/wp\/v2\/posts\/203234\/revisions"}],"predecessor-version":[{"id":203235,"href":"https:\/\/www.cronacaonline.it\/index.php\/wp-json\/wp\/v2\/posts\/203234\/revisions\/203235"}],"wp:featuredmedia":[{"embeddable":true,"href":"https:\/\/www.cronacaonline.it\/index.php\/wp-json\/wp\/v2\/media\/138100"}],"wp:attachment":[{"href":"https:\/\/www.cronacaonline.it\/index.php\/wp-json\/wp\/v2\/media?parent=203234"}],"wp:term":[{"taxonomy":"category","embeddable":true,"href":"https:\/\/www.cronacaonline.it\/index.php\/wp-json\/wp\/v2\/categories?post=203234"},{"taxonomy":"post_tag","embeddable":true,"href":"https:\/\/www.cronacaonline.it\/index.php\/wp-json\/wp\/v2\/tags?post=203234"}],"curies":[{"name":"wp","href":"https:\/\/api.w.org\/{rel}","templated":true}]}}