{"id":203210,"date":"2021-03-04T09:43:52","date_gmt":"2021-03-04T08:43:52","guid":{"rendered":"https:\/\/www.cronacaonline.it\/?p=203210"},"modified":"2021-03-04T09:43:54","modified_gmt":"2021-03-04T08:43:54","slug":"la-pandemia-la-variante-inglese-del-covid-corre-in-tutta-italia-preoccupano-lombardia-e-emilia-romagna","status":"publish","type":"post","link":"https:\/\/www.cronacaonline.it\/index.php\/2021\/03\/04\/la-pandemia-la-variante-inglese-del-covid-corre-in-tutta-italia-preoccupano-lombardia-e-emilia-romagna\/","title":{"rendered":"La pandemia la variante inglese del Covid corre in tutta Italia: preoccupano Lombardia e Emilia Romagna."},"content":{"rendered":"\n<p>Roma, 4 Feb 2021 - \"I dati in Lombardia sono estremamente preoccupanti, abbiamo un paio di\u00a0province che sono in zona rossa a tutti gli effetti, molte rianimazioni sono\u00a0piene di casi di Covid, all\u2019Ospedale in Fiera ci sono 57 ricoverati in\u00a0rianimazione, a cui segue quello di Brescia che ne ha 30. Ci sono statistiche\u00a0molto pesanti\".<\/p>\n\n\n\n<p>Lo dice Guido Bertolaso, coordinatore della campagna di&nbsp;vaccinazione anti Covid in Lombardia, oggi nel corso della conferenza stampa a&nbsp;Palazzo Pirelli per illustrare i provvedimenti approvati dalla Giunta sul piano&nbsp;vaccinale anti-Covid.<\/p>\n\n\n\n<p>\"Mi sembra che tutta l'Italia, tranne la&nbsp;Sardegna, si stia avvicinando a lunghi passi alla zona rossa\". Dichiara ancora Bertolaso che per\u00f2&nbsp;ha anche precisato di non essere&nbsp;tuttavia \"pi\u00f9 preoccupato della Lombardia rispetto ad altre&nbsp;Regioni\".<\/p>\n\n\n\n<p>Se la Lombardia passer\u00e0 o no in zona rossa \"lo diranno&nbsp;i dati che arriveranno dal Cts\". Il presidente della Regione Lombardia, Attilio Fontana, chiude alle illazioni su un cambio di colore dovuto all'aumento dei contagi e si&nbsp;concentra su come portare avanti la campagna vaccinale. L'obiettivo reso noto&nbsp;oggi in conferenza stampa, insieme alla vice presidente e assessore al Welfare&nbsp;Letizia Moratti \u00e8 arrivare a effettuare 170.000 vaccinazioni al giorno,&nbsp;raggiungendo almeno 6,6 milioni di persone, sui 10,2 milioni di cittadini&nbsp;residenti.<\/p>\n\n\n\n<p>Firmata oggi l'ordinanza con cui la Regione Emilia-Romagna, d'intesa con i sindaci e sulla base dei dati forniti dalle Aziende sanitarie, stabilisce l'ingresso in fascia rossa, a partire da domani, 4 marzo, e fino al 21 marzo, di tutti i comuni della Citt\u00e0 metropolitana di Bologna e della provincia di Modena e la zona arancione scuro per quelli della provincia di Reggio Emilia. Il punto sul provvedimento, deciso per fronteggiare la crescente e veloce diffusione dei contagi a causa delle nuove varianti, anche tra i pi\u00f9 giovani, e proteggere la rete ospedaliera, \u00e8 stato fatto questa mattina in videoconferenza stampa dalla sede della Regione, a Bologna, con il presidente Stefano Bonaccini.<\/p>\n\n\n\n<p>Confermate tutte le misure restrittive annunciate per contenere la curva epidemiologica, con un chiarimento resosi necessario dopo l'approvazione ieri del nuovo Dpcm, in vigore dal 6 marzo. L'ordinanza regionale far\u00e0 partire la sospensione di nidi e materne (sia statali che comunali) dal 6 marzo, cos\u00ec come la chiusura delle attivit\u00e0 di servizi alla persona come parrucchieri e barbieri, lo stesso che prevede il nuovo Dpcm per le zone rosse in tutto il Paese.<\/p>\n\n\n\n<p>\u201c\u00c8 assolutamente necessario contrastare e&nbsp;circoscrivere il contagio con misure restrittive e tempestive, in assenza delle&nbsp;quali la curva epidemica continuerebbe a crescere anche in zona arancione. Nelle&nbsp;due province che con l'ordinanza faremo diventare rosse, l'Rt \u00e8 gi\u00e0 sopra&nbsp;l'1,25, e le strutture ospedaliere, dove peraltro gi\u00e0 dalla scorsa estate&nbsp;abbiamo triplicato le terapie intensive e fortemente potenziato i reparti Covid,&nbsp;sono in sofferenza\".<\/p>\n\n\n\n<p>\"D'intesa con i sindaci, che abbiamo incontrato tutti, insieme, e che ringrazio&nbsp;per la grande collaborazione fornita, e sulla base dei dati della nostra sanit\u00e0&nbsp;regionale, abbiamo deciso di agire subito: tra due giorni - ha concluso&nbsp;Bonaccini - arriver\u00e0 l'analisi della Cabina di regia nazionale, che potrebbe&nbsp;portare l'Emilia-Romagna dal luned\u00ec successivo in zona rossa, ma non potevamo&nbsp;aspettare oltre\".<\/p>\n\n\n\n<p>Fino a venerd\u00ec, la provincia di Ancona \u00e8&nbsp;in fascia rossa. Lo ha deciso il governatore della Regione Marche, Francesco&nbsp;Acquaroli, con un'ordinanza che scadr\u00e0 insieme al Dpcm ancora in vigore. \"Per&nbsp;il periodo successivo emaneremo un nuovo provvedimento - ha spiegato Acquaroli&nbsp;-, non appena sar\u00e0 noto il testo definitivo del nuovo Dpcm che entrer\u00e0 in&nbsp;vigore da sabato 6 marzo\". Il presidente ha spiegato che \"la situazione \u00e8 in&nbsp;continuo divenire ed \u00e8 monitorata costantemente\".<\/p>\n","protected":false},"excerpt":{"rendered":"<p>Roma, 4 Feb 2021 &#8211; &#8220;I dati in Lombardia sono estremamente preoccupanti, abbiamo un paio di\u00a0province che sono in zona rossa a tutti gli effetti,&#8230;<\/p>\n","protected":false},"author":2,"featured_media":199966,"comment_status":"closed","ping_status":"open","sticky":false,"template":"","format":"standard","meta":[],"categories":[49,51],"tags":[],"_links":{"self":[{"href":"https:\/\/www.cronacaonline.it\/index.php\/wp-json\/wp\/v2\/posts\/203210"}],"collection":[{"href":"https:\/\/www.cronacaonline.it\/index.php\/wp-json\/wp\/v2\/posts"}],"about":[{"href":"https:\/\/www.cronacaonline.it\/index.php\/wp-json\/wp\/v2\/types\/post"}],"author":[{"embeddable":true,"href":"https:\/\/www.cronacaonline.it\/index.php\/wp-json\/wp\/v2\/users\/2"}],"replies":[{"embeddable":true,"href":"https:\/\/www.cronacaonline.it\/index.php\/wp-json\/wp\/v2\/comments?post=203210"}],"version-history":[{"count":1,"href":"https:\/\/www.cronacaonline.it\/index.php\/wp-json\/wp\/v2\/posts\/203210\/revisions"}],"predecessor-version":[{"id":203211,"href":"https:\/\/www.cronacaonline.it\/index.php\/wp-json\/wp\/v2\/posts\/203210\/revisions\/203211"}],"wp:featuredmedia":[{"embeddable":true,"href":"https:\/\/www.cronacaonline.it\/index.php\/wp-json\/wp\/v2\/media\/199966"}],"wp:attachment":[{"href":"https:\/\/www.cronacaonline.it\/index.php\/wp-json\/wp\/v2\/media?parent=203210"}],"wp:term":[{"taxonomy":"category","embeddable":true,"href":"https:\/\/www.cronacaonline.it\/index.php\/wp-json\/wp\/v2\/categories?post=203210"},{"taxonomy":"post_tag","embeddable":true,"href":"https:\/\/www.cronacaonline.it\/index.php\/wp-json\/wp\/v2\/tags?post=203210"}],"curies":[{"name":"wp","href":"https:\/\/api.w.org\/{rel}","templated":true}]}}