{"id":203140,"date":"2021-03-02T19:26:39","date_gmt":"2021-03-02T18:26:39","guid":{"rendered":"https:\/\/www.cronacaonline.it\/?p=203140"},"modified":"2021-03-02T19:26:40","modified_gmt":"2021-03-02T18:26:40","slug":"draghi-ha-firmato-il-nuovo-dpcm-regole-in-vigore-fino-al-6-aprile","status":"publish","type":"post","link":"https:\/\/www.cronacaonline.it\/index.php\/2021\/03\/02\/draghi-ha-firmato-il-nuovo-dpcm-regole-in-vigore-fino-al-6-aprile\/","title":{"rendered":"Draghi ha firmato il nuovo Dpcm, regole in vigore fino al 6 aprile."},"content":{"rendered":"\n<p>Roma, 2 Mar 2021 - Il \"Dpcm \u00e8 stato firmato dal presidente del Consiglio pochi minuti fa ed \u00e8 in vigore dal 6 di marzo al 6 di aprile. E' frutto di un confronto importante prima di tutto con il parlamento, con le Regioni e con il Cts\".\u00a0Lo dice il ministro della Salute Roberto Speranza in conferenza stampa a Palazzo Chigi.<\/p>\n\n\n\n<p>Le nuove misure del Dpcm sull'emergenza epidemiologica da Covid-19 vengono illustrate dai ministri per gli Affari regionali e della Salute, Mariastella Gelmini e Roberto Speranza, dal presidente dell'Iss, Silvio Brusaferro, e dal presidente del Consiglio superiore di sanit\u00e0, Franco Locatelli in una conferenza stampa a Palazzo Chigi.<\/p>\n\n\n\n<p>Il Dpcm \"prova a mantenere un impianto di conservazione delle misure essenziali che sono vigenti. Viene confermato il modello di divisioni del nostro Paese di aree che corrispondono a colori\". Lo ha detto il ministro della Salute Roberto Speranza in conferenza stampa a Palazzo Chigi.&nbsp; \"Noi riteniamo che differenziare i territori sia la strada giusta perch\u00e9 ci permette di dare la risposta pi\u00f9 idonea ad ogni segmento\" del Paese, spiega.<\/p>\n\n\n\n<p>\"La variante inglese ha una particolare capacit\u00e0 di penetrazione nelle fasce pi\u00f9 giovani. Questo ci ha portato a determinare che in area rossa le scuole di ogni ordine e grado saranno in Dad, cos\u00ec come nei territori dove il tasso di incidenza\" del virus \"\u00e8 pari o superiore a 250 ogni 100mila abitanti\". Lo dice il ministro della Salute Roberto Speranza.<\/p>\n\n\n\n<p>\"La curva d\u00e0 segnali robusti di risalita. Stiamo facendo i conti con alcune varianti temibili del virus, in particolare l'inglese che \u00e8 prevalente nel nostro Paese. Poi stanno girando anche le varianti brasiliana e sudafricana\" ha detto Speranza.<\/p>\n\n\n\n<p>Dopo Speranza ha preso la parola Mariastella Gelmini. \"Questo non \u00e8 un Dpcm last minute - ha detto - i tempi sono fondamentali e abbiamo lavorato alacremente. La bozza era pronta gi\u00e0 venerd\u00ec e c'\u00e8 stata massima collaborazione sia con il Parlamento che con Regioni, Comuni, Upi. Voglio ringraziarli perch\u00e9 all'interno di queste riunioni abbiamo provato ad acquisire il punto di vista degli amministratori\". Cos\u00ec la ministra per gli Affari Regionali Maria Stella Gelmini in conferenza stampa a Palazzo Chigi.<\/p>\n\n\n\n<p>\"I tempi sono fondamentali per non arrecare nuovi disagi ulteriori ai cittadini: la bozza \u00e8 pronta da venerd\u00ec e siamo in grado stasera di completare il dpcm Covid. C'\u00e8 un cambio nel metodo, perch\u00e9 il dpcm \u00e8 improntato alla massima condivisione possibile. La risoluzione del Parlamento \u00e8 la stella polare, poi la condivisione si \u00e8 estesa alle Regioni, province, comuni. Abbiamo cercato di acquisire il punto di vista degli amministratori: abbiamo accolto alcune proposte come la partenza delle misure restrittive dal luned\u00ec\". Lo dice il ministro degli Affari regionali Maria Stella Gelmini in conferenza stampa a Palazzo Chigi.<\/p>\n\n\n\n<p>\"Nel decreto sostegno abbiamo previsto risorse per 200 milioni di euro\" per supporto alle famiglie sul tema dei congedi parentali ha aggiunto il ministro Gelmini.<\/p>\n\n\n\n<p>\"Diamo un segnale al mondo della cultura, dal 27 marzo si potr\u00e0 tornare solo con prenotazione online nei cinema e nei teatri\", ha inoltre dichiarato Maria Stella Gelmini. \"Purtroppo non possiamo fare lo stesso per le attivit\u00e0 chiuse da tanto tempo\", ha aggiunto. \"Oggi ho avuto un incontro con il nuovo capo della Protezione Civile, Fabrizio Curcio, e il nuovo commissario straordinario per l'emergenza Covid, Francesco Paolo Figliuolo. Posso gi\u00e0 dire che venerd\u00ec svolger\u00f2 con loro una prima riunione sui vaccini con la conferenza delle Regioni e delle Province autonome\" ha infine informato Gelmini.<\/p>\n\n\n\n<p>\"La variante inglese ha prevalenza stimata intorno al 54%. Il dato \u00e8 riferito al 18 febbraio, quindi ad oggi il valore \u00e8 indubbiamente pi\u00f9 alto\". Cos\u00ec il presidente dell'Istituto superiore di Sanit\u00e0, Silvio Brusaferro, nel corso della conferenza a Palazzo Chigi.<\/p>\n\n\n\n<p>\"La variante brasiliana diffusa nel 4.3% dei casi ed \u00e8 diffusa in alcune Regioni del Centro Italia. Questo dato \u00e8 particolarmente preoccupante, perch\u00e9 \u00e8 una variante nuova e deve essere stimata anche la trasmissibilit\u00e0\", ha aggiunto Brusaferro.<\/p>\n","protected":false},"excerpt":{"rendered":"<p>Roma, 2 Mar 2021 &#8211; Il &#8220;Dpcm \u00e8 stato firmato dal presidente del Consiglio pochi minuti fa ed \u00e8 in vigore dal 6 di marzo&#8230;<\/p>\n","protected":false},"author":2,"featured_media":186159,"comment_status":"closed","ping_status":"open","sticky":false,"template":"","format":"standard","meta":[],"categories":[49,51],"tags":[],"_links":{"self":[{"href":"https:\/\/www.cronacaonline.it\/index.php\/wp-json\/wp\/v2\/posts\/203140"}],"collection":[{"href":"https:\/\/www.cronacaonline.it\/index.php\/wp-json\/wp\/v2\/posts"}],"about":[{"href":"https:\/\/www.cronacaonline.it\/index.php\/wp-json\/wp\/v2\/types\/post"}],"author":[{"embeddable":true,"href":"https:\/\/www.cronacaonline.it\/index.php\/wp-json\/wp\/v2\/users\/2"}],"replies":[{"embeddable":true,"href":"https:\/\/www.cronacaonline.it\/index.php\/wp-json\/wp\/v2\/comments?post=203140"}],"version-history":[{"count":1,"href":"https:\/\/www.cronacaonline.it\/index.php\/wp-json\/wp\/v2\/posts\/203140\/revisions"}],"predecessor-version":[{"id":203141,"href":"https:\/\/www.cronacaonline.it\/index.php\/wp-json\/wp\/v2\/posts\/203140\/revisions\/203141"}],"wp:featuredmedia":[{"embeddable":true,"href":"https:\/\/www.cronacaonline.it\/index.php\/wp-json\/wp\/v2\/media\/186159"}],"wp:attachment":[{"href":"https:\/\/www.cronacaonline.it\/index.php\/wp-json\/wp\/v2\/media?parent=203140"}],"wp:term":[{"taxonomy":"category","embeddable":true,"href":"https:\/\/www.cronacaonline.it\/index.php\/wp-json\/wp\/v2\/categories?post=203140"},{"taxonomy":"post_tag","embeddable":true,"href":"https:\/\/www.cronacaonline.it\/index.php\/wp-json\/wp\/v2\/tags?post=203140"}],"curies":[{"name":"wp","href":"https:\/\/api.w.org\/{rel}","templated":true}]}}