{"id":203065,"date":"2021-03-01T06:41:39","date_gmt":"2021-03-01T05:41:39","guid":{"rendered":"https:\/\/www.cronacaonline.it\/?p=203065"},"modified":"2021-03-01T06:41:41","modified_gmt":"2021-03-01T05:41:41","slug":"m5s-conte-accoglie-linvito-lavorera-alla-rifondazione-dei-pentastellati","status":"publish","type":"post","link":"https:\/\/www.cronacaonline.it\/index.php\/2021\/03\/01\/m5s-conte-accoglie-linvito-lavorera-alla-rifondazione-dei-pentastellati\/","title":{"rendered":"M5s: Conte accoglie l&#8217;invito, lavorer\u00e0 alla rifondazione dei pentastellati."},"content":{"rendered":"\n<p>Roma, 1 Mar 2021 - \"Giuseppe Conte ha raccolto l'invito a elaborare nei prossimi giorni un progetto rifondativo con il Movimento 5 Stelle\". E' quanto si legge in un post su Facebook del M5s, a poche ore dal vertice pentastellato al quale hanno partecipato, tra gli altri, Grillo e l'ex premier.<\/p>\n\n\n\n<p>\"Una sfida cruciale per il Movimento, una ristrutturazione integrale per trasformarlo in una forza politica sempre pi\u00f9 aperta alla societ\u00e0 civile, capace di diventare punto centrale di riferimento nell'attuale quadro politico e di avere un ruolo determinante da qui al 2050\", si legge ancora.<\/p>\n\n\n\n<p>\"Il Movimento sar\u00e0 la forza trainante della transizione ecologica e digitale, poggiando per\u00f2 su pilastri insostituibili, quei valori originari che lo hanno sempre contraddistinto: la tutela dell'ambiente, l'importanza dell'etica pubblica e della lotta alla corruzione, il contrasto delle diseguaglianze di genere, intergenerazionali, territoriali, la lotta contro le rendite di posizione e i privilegi, la pi\u00f9 ampia partecipazione dei cittadini alla vita democratica attraverso il rafforzamento degli istituti di democrazia diretta\",&nbsp;conclude il post.<\/p>\n\n\n\n<p>\"Sono anni che ci danno per morti, sbagliando. Il MoVimento 5 Stelle non solo \u00e8 vivo, il MoVimento \u00e8 il presente e scriver\u00e0 il futuro di questo Paese. Oggi \u00e8 una giornata molto importante, Giuseppe Conte ha raccolto il nostro invito a elaborare nei prossimi giorni un progetto rifondativo e di rilancio dell'azione del M5S. Iniziamo a costruire le basi per guardare avanti con una nuova visione, sempre pi\u00f9 a contatto con la realt\u00e0 e vicina alle esigenze degli italiani\". Lo scrive su Facebook il ministro degli Esteri, Luigi Di Maio.<\/p>\n\n\n\n<p>\"Abbiamo dimostrato di saper crescere e maturare. Ve lo dico con convinzione: questa \u00e8 la strada da seguire. Continueremo a lavorare per il bene dei cittadini, l'unica cosa che conta per tutti noi. L'unica priorit\u00e0. Il MoVimento \u00e8 una grande famiglia, con valori e principi solidissimi, con persone perbene che si impegnano dalla mattina alla sera per migliorare l'Italia, senza secondi fini. E sono certo che Giuseppe Conte offrir\u00e0 alla nostra causa un contributo determinante. \u00c8 morto il Movimento, evviva il Movimento\", conclude Di Maio.<\/p>\n\n\n\n<p>\"Giuseppe Conte sar\u00e0 motore di grande cambiamento per il MoVimento 5 Stelle come lo \u00e8 stato per il Paese in questi anni. Con la sua disponibilit\u00e0 dimostra grande generosit\u00e0 e visione politica e accompagner\u00e0 una sfida centrale nello scenario politico dei prossimi anni. In alto i cuori!\". Lo scrive su Twitter il ministro per i Rapporti con il Parlamento, Federico D'Inc\u00e0.<\/p>\n\n\n\n<p>''Accolgo con entusiasmo la decisione di Giuseppe Conte di entrare ufficialmente nel Movimento Cinque Stelle. Le sfide sono tante e necessitano del lavoro di tutti. Insieme andiamo avanti e lontano. Benvenuto Giuseppe''. Cos\u00ec in un tweet il sindaco di Roma, Virginia Raggi.<\/p>\n","protected":false},"excerpt":{"rendered":"<p>Roma, 1 Mar 2021 &#8211; &#8220;Giuseppe Conte ha raccolto l&#8217;invito a elaborare nei prossimi giorni un progetto rifondativo con il Movimento 5 Stelle&#8221;. E&#8217; quanto&#8230;<\/p>\n","protected":false},"author":2,"featured_media":201881,"comment_status":"closed","ping_status":"open","sticky":false,"template":"","format":"standard","meta":[],"categories":[49,51],"tags":[],"_links":{"self":[{"href":"https:\/\/www.cronacaonline.it\/index.php\/wp-json\/wp\/v2\/posts\/203065"}],"collection":[{"href":"https:\/\/www.cronacaonline.it\/index.php\/wp-json\/wp\/v2\/posts"}],"about":[{"href":"https:\/\/www.cronacaonline.it\/index.php\/wp-json\/wp\/v2\/types\/post"}],"author":[{"embeddable":true,"href":"https:\/\/www.cronacaonline.it\/index.php\/wp-json\/wp\/v2\/users\/2"}],"replies":[{"embeddable":true,"href":"https:\/\/www.cronacaonline.it\/index.php\/wp-json\/wp\/v2\/comments?post=203065"}],"version-history":[{"count":1,"href":"https:\/\/www.cronacaonline.it\/index.php\/wp-json\/wp\/v2\/posts\/203065\/revisions"}],"predecessor-version":[{"id":203066,"href":"https:\/\/www.cronacaonline.it\/index.php\/wp-json\/wp\/v2\/posts\/203065\/revisions\/203066"}],"wp:featuredmedia":[{"embeddable":true,"href":"https:\/\/www.cronacaonline.it\/index.php\/wp-json\/wp\/v2\/media\/201881"}],"wp:attachment":[{"href":"https:\/\/www.cronacaonline.it\/index.php\/wp-json\/wp\/v2\/media?parent=203065"}],"wp:term":[{"taxonomy":"category","embeddable":true,"href":"https:\/\/www.cronacaonline.it\/index.php\/wp-json\/wp\/v2\/categories?post=203065"},{"taxonomy":"post_tag","embeddable":true,"href":"https:\/\/www.cronacaonline.it\/index.php\/wp-json\/wp\/v2\/tags?post=203065"}],"curies":[{"name":"wp","href":"https:\/\/api.w.org\/{rel}","templated":true}]}}