{"id":202615,"date":"2021-02-20T08:29:27","date_gmt":"2021-02-20T07:29:27","guid":{"rendered":"https:\/\/www.cronacaonline.it\/?p=202615"},"modified":"2021-02-20T08:29:29","modified_gmt":"2021-02-20T07:29:29","slug":"m5s-espulsi-21-deputati-dal-gruppo-della-camera","status":"publish","type":"post","link":"https:\/\/www.cronacaonline.it\/index.php\/2021\/02\/20\/m5s-espulsi-21-deputati-dal-gruppo-della-camera\/","title":{"rendered":"M5s, espulsi 21 deputati dal gruppo della Camera."},"content":{"rendered":"\n<p>Roma, 20 Feb 2021 - Ventun deputati del M5S sono stati espulsi dal gruppo alla Camera. Si tratta sia dei deputati che ieri a Montecitorio hanno votato contro la fiducia al governo Draghi sia di quelli che si sono astenuti sia di quelli che non hanno risposto alla chiama, eccetto quelli che risultavano in missione. Lo apprende l'Ansa da fonti parlamentari. L'espulsione \u00e8 stata comunicata agli interessati dal capogruppo Davide Crippa. \"Il fatto oltre a denotare il mancato rispetto delle decisioni assunte dagli iscritti con la votazione in rete e, conseguentemente, dagli organi del Movimento, pregiudica l'immagine e l'azione politica del nostro gruppo parlamentare\", ha scritto il capogruppo Davide Crippa. Al netto delle espulsioni di oggi, il gruppo M5S da oggi conta 168 deputati.<\/p>\n\n\n\n<p>\"Come gi\u00e0 avvenuto al Senato, anche i portavoce del MoVimento 5 Stelle che nel voto di fiducia alla Camera si sono espressi diversamente dal gruppo parlamentare verranno espulsi\". Lo aveva in precedenza annunciato su Facebook il capo politico del M5s Vito Crimi. \"Quello sulla fiducia - sottolinea - non \u00e8 un voto come tanti altri. Stabilisce gli equilibri all'interno del Parlamento, determinando i posizionamenti fra maggioranza e opposizione. Chi non ha votato la fiducia a questo governo si \u00e8 automaticamente collocato all'opposizione, dunque all'opposizione del MoVimento che ha deciso di sostenerlo, ed era perfettamente consapevole delle conseguenze delle proprie scelte\".<\/p>\n\n\n\n<p>\"Chi - aggiunge Crimi - in questi due giorni non ha votato la fiducia ha contribuito, involontariamente o volontariamente, non importa, al tentativo di frantumare il gruppo, quella forza collettiva che ci ha portati fin qui. Ha deciso di mettere davanti a tutto le proprie posizioni, imponendo la propria coscienza individuale su quella collettiva, in un voto che di coscienza aveva poco e che rappresentava solo l'avvio, o il non avvio, di un governo\".<\/p>\n\n\n\n<p>\"\u00c8 bene ribadire che quella espressa dal MoVimento non \u00e8 una fiducia incondizionata, come non lo era quella che abbiamo accordato ai governi precedenti. Faremo la nostra parte, come sempre, lavorando con spirito critico e propositivo ogni giorno, come abbiamo gi\u00e0 fatto\" prosegue Crimi. \"Ma per fare questo abbiamo bisogno di un gruppo che sia solido, coeso, consapevole della propria forza e del fatto che solo camminando ancora fianco a fianco i suoi portavoce potranno continuare ad ottenere risultati per la collettivit\u00e0. Chi ha scelto di votare diversamente ha scelto di chiamarsi fuori da questo gruppo, lasciando dei vuoti. Ora le fila vanno serrate, affinch\u00e9 l'azione del gruppo, della squadra, sia ancora efficace\".<\/p>\n\n\n\n<p>\"Queste - conclude - sono le ultime considerazioni che mi riservo di esprimere riguardo al momento attraversato dal MoVimento 5 Stelle, perch\u00e9 credo si debba smetterla di guardarci allo specchio, di commiserarci. Dentro ogni comunit\u00e0 di persone esistono naturalmente dei contrasti, ma non possiamo imporli all'esterno, come qualcuno sta facendo da mesi. Il MoVimento cresce e si evolve, e deve farlo nei suoi spazi. Fuori dobbiamo guardare ai cittadini, al Paese che sta affrontando la pi\u00f9 grave crisi economica e sociale dal dopoguerra ad oggi e che il gesto folle di un irresponsabile ha trascinato in una crisi di governo in piena pandemia. Coraggio, serriamo le fila e andiamo avanti\".<\/p>\n\n\n\n<p>Una decina di espulsi alla Camera gi\u00e0 ha pronto il nome&nbsp;del gruppo, punta ad aggregare ex pentastellati che sono nel misto per dar vita&nbsp;ad \"Alternativa\". Ma l'operazione \u00e8 in forse, non tanto per una mancanza di&nbsp;numeri, quanto per le manovre in corso con gli altri partiti, insomma ognuno&nbsp;tratta per se. Sono pi\u00f9 organizzati i pentastellati cacciati al Senato.<\/p>\n\n\n\n<p>L'incontro con il segretario dell'Italia dei valori, Messina, \u00e8 avvenuto una&nbsp;settimana fa, il dossier \u00e8 in mano al senatore Lannutti. Alla Camera 21, al&nbsp;Senato 22, tra chi ha votato no, si \u00e8 astenuto e non \u00e8 venuto nessuna&nbsp;differenza: la linea delle espulsioni 'selettive' - sponsorizzata anche da&nbsp;diversi big - non \u00e8 passata. La strategia dei vertici M5s \u00e8 quella di&nbsp;liberarsi di litigi, zavorre, divisioni e puntare ad un gruppo compatto in&nbsp;un'unica direzione a sostegno di Draghi, anche se la fiducia non \u00e8&nbsp;incondizionata. Ma il rischio \u00e8 che l'area del dissenso, soprattutto se dovesse&nbsp;organizzarsi con un unico coordinamento, diventi sempre pi\u00f9 ampia.<\/p>\n\n\n\n<p>Al Senato sono una decina - riferiscono fonti parlamentari - quelli che&nbsp;potrebbero aderire al nuovo gruppo. Si tratta di quei s\u00ec sofferti che&nbsp;potrebbero trasformarsi in dei no a Draghi e alla strada che hanno deciso di percorrere i governisti. L'ipotesi \u00e8 che si arrivi ad una vera e propria frana,&nbsp;quindi, nel Movimento. Anche se Di Battista per ora si \u00e8 chiamato fuori e&nbsp;respinge la tesi di chi lo accusa di voler sabotare M5s dall'esterno. Per di&nbsp;pi\u00f9 c'\u00e8 il fronte dei contiani sempre pi\u00f9 in sofferenza. C'\u00e8 chi auspica&nbsp;che un progetto di Movimento 2.0 possa poi convivere con i pentastellati per una&nbsp;pax che al momento \u00e8 pura utopia.<\/p>\n\n\n\n<p>Anche perch\u00e9 dietro le quinte si punta a&nbsp;resistere, ci si aggrappa alle divisioni interne ai Probi viri, si accusa Crimi&nbsp;di conflitto d'interesse, si chiede che ci sia una votazione degli iscritti&nbsp;sulle espulsioni, c'\u00e8 chi vorrebbe concorrere lo stesso per il direttorio a 5,&nbsp;pur non avendone diritto. Il primo risultato della scissione M5s \u00e8 che i posti da sottosegretario si sono&nbsp;ridotti. Le caselle pi\u00f9 ricercate sono quelle dei dicasteri chiave ma rispetto&nbsp;al Conte 2 la squadra M5s sar\u00e0 dimezzata.<\/p>\n\n\n\n<p>I vertici puntano comunque ad avere&nbsp;un esponente al Mef, uno agli Interni, un altro al Mise, un altro ancora alla&nbsp;Giustizia. Ma sar\u00e0 difficile. Ed \u00e8 proprio l'argomento giustizia uno dei pi\u00f9&nbsp;spinosi. Ieri alla riunione di maggioranza alla presenza del ministro Cartabia i&nbsp;pentastellati hanno cercato di fare muro all'ordine del giorno che impegna il&nbsp;governo ad affrontare il nodo della prescrizione all'interno della riforma del&nbsp;processo penale.&nbsp;Un Consiglio dei ministri \u00e8 fissato per luned\u00ec mattina, ma il nodo sul&nbsp;completamento della squadra potrebbe non essere sciolto.&nbsp;<\/p>\n","protected":false},"excerpt":{"rendered":"<p>Roma, 20 Feb 2021 &#8211; Ventun deputati del M5S sono stati espulsi dal gruppo alla Camera. Si tratta sia dei deputati che ieri a Montecitorio&#8230;<\/p>\n","protected":false},"author":2,"featured_media":201788,"comment_status":"closed","ping_status":"open","sticky":false,"template":"","format":"standard","meta":[],"categories":[49,51],"tags":[],"_links":{"self":[{"href":"https:\/\/www.cronacaonline.it\/index.php\/wp-json\/wp\/v2\/posts\/202615"}],"collection":[{"href":"https:\/\/www.cronacaonline.it\/index.php\/wp-json\/wp\/v2\/posts"}],"about":[{"href":"https:\/\/www.cronacaonline.it\/index.php\/wp-json\/wp\/v2\/types\/post"}],"author":[{"embeddable":true,"href":"https:\/\/www.cronacaonline.it\/index.php\/wp-json\/wp\/v2\/users\/2"}],"replies":[{"embeddable":true,"href":"https:\/\/www.cronacaonline.it\/index.php\/wp-json\/wp\/v2\/comments?post=202615"}],"version-history":[{"count":1,"href":"https:\/\/www.cronacaonline.it\/index.php\/wp-json\/wp\/v2\/posts\/202615\/revisions"}],"predecessor-version":[{"id":202616,"href":"https:\/\/www.cronacaonline.it\/index.php\/wp-json\/wp\/v2\/posts\/202615\/revisions\/202616"}],"wp:featuredmedia":[{"embeddable":true,"href":"https:\/\/www.cronacaonline.it\/index.php\/wp-json\/wp\/v2\/media\/201788"}],"wp:attachment":[{"href":"https:\/\/www.cronacaonline.it\/index.php\/wp-json\/wp\/v2\/media?parent=202615"}],"wp:term":[{"taxonomy":"category","embeddable":true,"href":"https:\/\/www.cronacaonline.it\/index.php\/wp-json\/wp\/v2\/categories?post=202615"},{"taxonomy":"post_tag","embeddable":true,"href":"https:\/\/www.cronacaonline.it\/index.php\/wp-json\/wp\/v2\/tags?post=202615"}],"curies":[{"name":"wp","href":"https:\/\/api.w.org\/{rel}","templated":true}]}}