{"id":202605,"date":"2021-02-19T16:58:43","date_gmt":"2021-02-19T15:58:43","guid":{"rendered":"https:\/\/www.cronacaonline.it\/?p=202605"},"modified":"2021-02-19T16:58:44","modified_gmt":"2021-02-19T15:58:44","slug":"covid-19-da-domenica-21-febbraio-tornano-in-arancione-campania-emilia-romagna-e-molise","status":"publish","type":"post","link":"https:\/\/www.cronacaonline.it\/index.php\/2021\/02\/19\/covid-19-da-domenica-21-febbraio-tornano-in-arancione-campania-emilia-romagna-e-molise\/","title":{"rendered":"Covid 19, da domenica 21 febbraio tornano in arancione Campania, Emilia Romagna e Molise."},"content":{"rendered":"\n<p>Roma, 19 Feb 2021 - Il ministro della Salute, Roberto Speranza, sulla base dei dati e delle indicazioni della Cabina di Regia, firmer\u00e0 in giornata una nuova ordinanza che entrer\u00e0 in vigore a partire da domenica 21 febbraio. Passano in area arancione le regioni Campania, Emilia Romagna e Molise. Da domenica, quindi, questo \u00e8 il quadro completo delle Regioni: in fascia rossa nessuna (con Umbria e Provincia di Bolzano che hanno gi\u00e0 predisposto zone rosse a livello regionale). In fascia arancione Abruzzo, Liguria, PA Bolzano, PA Trento, Toscana, Umbria, Campania, Emilia Romagna e Molise. In fascia gialla Basilicata, Calabria, Friuli Venezia Giulia, Lazio, Lombardia, Marche, Piemonte, Puglia, Sardegna, Sicilia, Valle Aosta e Veneto. Nessuna in fascia bianca.<\/p>\n\n\n\n<p>Gialla da inizio mese, l'Emilia Romagna torna arancione dopo tre settimane. Nessuna sorpresa tra gli amministratori locali, primo fra tutti il governatore Stefano Bonaccini che gi\u00e0 nei giorni scorsi, dati alla mano, (l'indice Rt supera l'1) aveva anticipato la possibilit\u00e0 di un cambio di colore. Il presidente della Conferenza delle Regioni si \u00e8 attivato con i ministri Gelmini e Speranza invitando il governo Draghi a riflettere sulla possibilit\u00e0 di un cambio di regole nella lotta alla pandemia: restrizioni di \"qualche settimana\" e \"omogenee\" su tutto il territorio nazionale (non una chiusura totale) per rallentare la corsa del virus, preso atto che, probabilmente in un'Italia sempre pi\u00f9 arancione il sistema a fasce di colorazione \"dimostra qualche fragilit\u00e0\".<\/p>\n\n\n\n<p>\"In questa situazione era inevitabile tornare in zona arancione e, se non stiamo attenti, in zona rossa\". Lo dice il presidente della Regione Campania, Vincenzo De Luca, nel corso della diretta Facebook del venerd\u00ec. \"Le immagini viste in Campania e in tutta Italia fanno venire i brividi - aggiunge - c'\u00e8 un rilassamento totale. Le domeniche mattina con migliaia di ragazzi sui lungomare delle citt\u00e0, in gran parte senza mascherine, controlli serali in pratica inesistenti, qualche grande citt\u00e0 della Campania abbandonata a se stessa\".<\/p>\n\n\n\n<p>\"L'incidenza dei casi tra gli over-80 sta diminuendo e questo \u00e8 un primo segnale importante che ci mostra l'importanza di aderire alla campagna vaccinale attivamente. Ci\u00f2 ha infatti un riflesso sull'incidenza\", ha detto il presidente dell'Istituto superiore di sanit\u00e0, Silvio Brusaferro, alla conferenza stampa organizzata dal ministero della Salute sull'analisi del monitoraggio regionale della Cabina di regia. \"Raccomandiamo grande attenzione, con l'incremento delle misure di prevenzione e anche con misure e chiusure puntuali che d'altronde le regioni interessate stanno gi\u00e0 adottando\", dice il Presidente dell'Istituto Superiore di Sanit\u00e0.<\/p>\n\n\n\n<p>\"Sono ormai poche le regioni a rischio basso, l'incidenza a livello nazionale \u00e8 in lieve aumento e l'Rt medio sfiora 1. Tutto ci\u00f2 ci mostra come lo scenario apparentemente stabile \u00e8 in realt\u00e0 in scivolamento verso un peggioramento. Ci\u00f2 richiede grande attenzione, soprattutto per la circolazione di varianti\".&nbsp;<\/p>\n","protected":false},"excerpt":{"rendered":"<p>Roma, 19 Feb 2021 &#8211; Il ministro della Salute, Roberto Speranza, sulla base dei dati e delle indicazioni della Cabina di Regia, firmer\u00e0 in giornata&#8230;<\/p>\n","protected":false},"author":2,"featured_media":198824,"comment_status":"closed","ping_status":"open","sticky":false,"template":"","format":"standard","meta":[],"categories":[49,51],"tags":[],"_links":{"self":[{"href":"https:\/\/www.cronacaonline.it\/index.php\/wp-json\/wp\/v2\/posts\/202605"}],"collection":[{"href":"https:\/\/www.cronacaonline.it\/index.php\/wp-json\/wp\/v2\/posts"}],"about":[{"href":"https:\/\/www.cronacaonline.it\/index.php\/wp-json\/wp\/v2\/types\/post"}],"author":[{"embeddable":true,"href":"https:\/\/www.cronacaonline.it\/index.php\/wp-json\/wp\/v2\/users\/2"}],"replies":[{"embeddable":true,"href":"https:\/\/www.cronacaonline.it\/index.php\/wp-json\/wp\/v2\/comments?post=202605"}],"version-history":[{"count":1,"href":"https:\/\/www.cronacaonline.it\/index.php\/wp-json\/wp\/v2\/posts\/202605\/revisions"}],"predecessor-version":[{"id":202606,"href":"https:\/\/www.cronacaonline.it\/index.php\/wp-json\/wp\/v2\/posts\/202605\/revisions\/202606"}],"wp:featuredmedia":[{"embeddable":true,"href":"https:\/\/www.cronacaonline.it\/index.php\/wp-json\/wp\/v2\/media\/198824"}],"wp:attachment":[{"href":"https:\/\/www.cronacaonline.it\/index.php\/wp-json\/wp\/v2\/media?parent=202605"}],"wp:term":[{"taxonomy":"category","embeddable":true,"href":"https:\/\/www.cronacaonline.it\/index.php\/wp-json\/wp\/v2\/categories?post=202605"},{"taxonomy":"post_tag","embeddable":true,"href":"https:\/\/www.cronacaonline.it\/index.php\/wp-json\/wp\/v2\/tags?post=202605"}],"curies":[{"name":"wp","href":"https:\/\/api.w.org\/{rel}","templated":true}]}}