{"id":202585,"date":"2021-02-19T11:55:06","date_gmt":"2021-02-19T10:55:06","guid":{"rendered":"https:\/\/www.cronacaonline.it\/?p=202585"},"modified":"2021-02-19T11:55:11","modified_gmt":"2021-02-19T10:55:11","slug":"chiusa-macelleria-di-un-paese-del-cagliaritano-per-poco-igiene-dai-carabinieri-del-nas-di-cagliari","status":"publish","type":"post","link":"https:\/\/www.cronacaonline.it\/index.php\/2021\/02\/19\/chiusa-macelleria-di-un-paese-del-cagliaritano-per-poco-igiene-dai-carabinieri-del-nas-di-cagliari\/","title":{"rendered":"Chiusa macelleria di un paese del cagliaritano per poco igiene dai carabinieri del Nas di Cagliari."},"content":{"rendered":"\n<p>Cagliari, 19 Feb 2021 - Ieri in un paese della prima cintura cagliaritana, nel corso di un\u2019attivit\u00e0 ispettiva programmata, i carabinieri del N.A.S. di Cagliari ed i colleghi del luogo, che avevano segnalato probabili criticit\u00e0, hanno deferito alle competenti autorit\u00e0 sanitaria e amministrativa il titolare di una macelleria, ritenuto responsabile delle violazioni amministrative per il \u201cmancato rispetto requisiti in materia di igiene\u201d. Hanno rilevato inoltre la violazione dell\u2019art. 8 d.lgs. 507\/99, con conseguente chiusura dell\u2019esercizio per insussistenza dei minimi requisiti igienico-sanitari.<\/p>\n\n\n\n<p>Durante le verifiche protrattesi per diverse ore, i militari del reparto speciale dell\u2019Arma hanno rilevato gravi carenze igienico strutturali, riconducibili alla mancanza di servizi igienici e spogliatoio per il personale, nonch\u00e9 alle omesse opere di ordinaria e straordinaria pulizia.<\/p>\n\n\n\n<p>I militari operanti hanno pertanto disposto d\u2019autorit\u00e0 l\u2019immediata chiusura dell\u2019esercizio pubblico, con divieto di stoccaggio e vendita delle carni, sino al ripristino dei requisiti igienici e strutturali minimi, previsti dalla norma. Sar\u00e0 necessaria un\u2019ulteriore ispezione, nel corso della quale venga verificato il superamento delle criticit\u00e0 riscontrate, affinch\u00e9 la macelleria posa riprendere la propria attivit\u00e0.<\/p>\n","protected":false},"excerpt":{"rendered":"<p>Cagliari, 19 Feb 2021 &#8211; Ieri in un paese della prima cintura cagliaritana, nel corso di un\u2019attivit\u00e0 ispettiva programmata, i carabinieri del N.A.S. di Cagliari&#8230;<\/p>\n","protected":false},"author":2,"featured_media":202586,"comment_status":"closed","ping_status":"open","sticky":false,"template":"","format":"standard","meta":[],"categories":[49,55],"tags":[],"_links":{"self":[{"href":"https:\/\/www.cronacaonline.it\/index.php\/wp-json\/wp\/v2\/posts\/202585"}],"collection":[{"href":"https:\/\/www.cronacaonline.it\/index.php\/wp-json\/wp\/v2\/posts"}],"about":[{"href":"https:\/\/www.cronacaonline.it\/index.php\/wp-json\/wp\/v2\/types\/post"}],"author":[{"embeddable":true,"href":"https:\/\/www.cronacaonline.it\/index.php\/wp-json\/wp\/v2\/users\/2"}],"replies":[{"embeddable":true,"href":"https:\/\/www.cronacaonline.it\/index.php\/wp-json\/wp\/v2\/comments?post=202585"}],"version-history":[{"count":1,"href":"https:\/\/www.cronacaonline.it\/index.php\/wp-json\/wp\/v2\/posts\/202585\/revisions"}],"predecessor-version":[{"id":202587,"href":"https:\/\/www.cronacaonline.it\/index.php\/wp-json\/wp\/v2\/posts\/202585\/revisions\/202587"}],"wp:featuredmedia":[{"embeddable":true,"href":"https:\/\/www.cronacaonline.it\/index.php\/wp-json\/wp\/v2\/media\/202586"}],"wp:attachment":[{"href":"https:\/\/www.cronacaonline.it\/index.php\/wp-json\/wp\/v2\/media?parent=202585"}],"wp:term":[{"taxonomy":"category","embeddable":true,"href":"https:\/\/www.cronacaonline.it\/index.php\/wp-json\/wp\/v2\/categories?post=202585"},{"taxonomy":"post_tag","embeddable":true,"href":"https:\/\/www.cronacaonline.it\/index.php\/wp-json\/wp\/v2\/tags?post=202585"}],"curies":[{"name":"wp","href":"https:\/\/api.w.org\/{rel}","templated":true}]}}