{"id":202577,"date":"2021-02-19T11:14:30","date_gmt":"2021-02-19T10:14:30","guid":{"rendered":"https:\/\/www.cronacaonline.it\/?p=202577"},"modified":"2021-02-19T11:14:31","modified_gmt":"2021-02-19T10:14:31","slug":"un-66enne-di-muravera-fa-sparire-la-sua-auto-in-custodia-giudiziale-e-quindi-e-stato-denunciato-assieme-ad-altre-due-persone-dai-carabinieri-della-stazione-del-paese","status":"publish","type":"post","link":"https:\/\/www.cronacaonline.it\/index.php\/2021\/02\/19\/un-66enne-di-muravera-fa-sparire-la-sua-auto-in-custodia-giudiziale-e-quindi-e-stato-denunciato-assieme-ad-altre-due-persone-dai-carabinieri-della-stazione-del-paese\/","title":{"rendered":"Un 66enne di Muravera fa sparire la sua auto in custodia giudiziale e quindi \u00e8 stato denunciato assieme ad altre due persone dai carabinieri della Stazione del paese."},"content":{"rendered":"\n<p>Muravera (Ca), 2021- I carabinieri della Stazione di Muravera tempo addietro avevano sequestrato amministrativamente una Renault Clio, in quanto priva dell\u2019assicurazione obbligatoria Rca di propriet\u00e0, di una vecchia conoscenza delle forze dell\u2019ordine, di 66 anni e disoccupato.<\/p>\n\n\n\n<p>L\u2019uomo, dopo aver tenuto l\u2019auto nel cortile del proprio condominio, questi aveva pensato bene di liberarsene, bench\u00e9 gli fosse stata affidata in custodia giudiziale. Questo perch\u00e9 l\u2019amministratore di condominio, raccogliendo le rimostranze di tanti che manifestavano fastidio per la presenza di quel catorcio sempre immobile nell\u2019area comune, cos\u00ec gli aveva suggerito. A questo punto il 66enne ha deciso di trasportare l\u2019auto in un terreno vicino, n\u00e9 recintato, n\u00e9 vigilato. Ma anche in questo luogo, la vecchia auto nella nuova collocazione dava per\u00f2 fastidio a una 22enne con cui c\u2019erano stati dei precedenti screzi che, affacciandosi alla finestra, era costretta a osservarla. La ragazza si rivolgeva a un\u2019amica, la quale offriva l\u2019ausilio sicuro del fidanzato, anch\u2019egli vecchia conoscenza dei militari e poi questi ha trasportato chiss\u00e0 dove, probabilmente in una remota campagna.<\/p>\n\n\n\n<p>In seguito, sentiti tutti dai militari, hanno raccontato la loro versione, secondo i rispettivi punti di vista. Il primo ha detto che la vettura gli \u00e8 stata portata via senza la sua volont\u00e0, ma egli ne era custode giudiziale, e per questo verr\u00e0 denunciato perch\u00e9 in quanto responsabile, doveva evitarne la dispersione. Invece la seconda persona ha tirato fuori argomentazioni ambientalistiche di stampo paesaggistico, ma migliorare il panorama sotto casa sua per rovinarlo da un\u2019altra parte non rivela un\u2019anima autenticamente verde. E questa, dunque indiziata di istigazione al reato. Il terzo, non potendo esibire la ricevuta di uno \u201csfasciacarrozze\u201d autorizzato, n\u00e9 scaricare tutto sulla donna del cuore, ha raccontato di aver donato l\u2019auto a dei Rom non meglio identificati che sarebbero usi vendere il ferro rottamato e che dunque la faranno sparire senza danni per l\u2019ambiente. Anche in questo caso si pu\u00f2 parlare di furto aggravato e di reati ambientali.<\/p>\n\n\n\n<p>Se qualcuno dovesse trovare abbandonata una vecchia Renault Clio, potrebbe rivolgersi ai carabinieri di Muravera.<\/p>\n","protected":false},"excerpt":{"rendered":"<p>Muravera (Ca), 2021- I carabinieri della Stazione di Muravera tempo addietro avevano sequestrato amministrativamente una Renault Clio, in quanto priva dell\u2019assicurazione obbligatoria Rca di propriet\u00e0,&#8230;<\/p>\n","protected":false},"author":2,"featured_media":202578,"comment_status":"closed","ping_status":"open","sticky":false,"template":"","format":"standard","meta":[],"categories":[49,55],"tags":[],"_links":{"self":[{"href":"https:\/\/www.cronacaonline.it\/index.php\/wp-json\/wp\/v2\/posts\/202577"}],"collection":[{"href":"https:\/\/www.cronacaonline.it\/index.php\/wp-json\/wp\/v2\/posts"}],"about":[{"href":"https:\/\/www.cronacaonline.it\/index.php\/wp-json\/wp\/v2\/types\/post"}],"author":[{"embeddable":true,"href":"https:\/\/www.cronacaonline.it\/index.php\/wp-json\/wp\/v2\/users\/2"}],"replies":[{"embeddable":true,"href":"https:\/\/www.cronacaonline.it\/index.php\/wp-json\/wp\/v2\/comments?post=202577"}],"version-history":[{"count":1,"href":"https:\/\/www.cronacaonline.it\/index.php\/wp-json\/wp\/v2\/posts\/202577\/revisions"}],"predecessor-version":[{"id":202579,"href":"https:\/\/www.cronacaonline.it\/index.php\/wp-json\/wp\/v2\/posts\/202577\/revisions\/202579"}],"wp:featuredmedia":[{"embeddable":true,"href":"https:\/\/www.cronacaonline.it\/index.php\/wp-json\/wp\/v2\/media\/202578"}],"wp:attachment":[{"href":"https:\/\/www.cronacaonline.it\/index.php\/wp-json\/wp\/v2\/media?parent=202577"}],"wp:term":[{"taxonomy":"category","embeddable":true,"href":"https:\/\/www.cronacaonline.it\/index.php\/wp-json\/wp\/v2\/categories?post=202577"},{"taxonomy":"post_tag","embeddable":true,"href":"https:\/\/www.cronacaonline.it\/index.php\/wp-json\/wp\/v2\/tags?post=202577"}],"curies":[{"name":"wp","href":"https:\/\/api.w.org\/{rel}","templated":true}]}}