{"id":202541,"date":"2021-02-18T11:57:28","date_gmt":"2021-02-18T10:57:28","guid":{"rendered":"https:\/\/www.cronacaonline.it\/?p=202541"},"modified":"2021-02-18T11:57:30","modified_gmt":"2021-02-18T10:57:30","slug":"per-i-dissidenti-del-m5s-per-non-aver-votato-la-fiducia-al-governo-draghi-avviata-procedura-di-espulsione-ora-la-possibilita-per-questi-di-costituire-un-nuovo-gruppo-al-senato-i-numeri-ci-sono","status":"publish","type":"post","link":"https:\/\/www.cronacaonline.it\/index.php\/2021\/02\/18\/per-i-dissidenti-del-m5s-per-non-aver-votato-la-fiducia-al-governo-draghi-avviata-procedura-di-espulsione-ora-la-possibilita-per-questi-di-costituire-un-nuovo-gruppo-al-senato-i-numeri-ci-sono\/","title":{"rendered":"Per i dissidenti del M5S per non aver votato la fiducia al governo Draghi avviata procedura di espulsione. Ora la possibilit\u00e0 per questi di costituire un nuovo gruppo al Senato. I numeri ci sono."},"content":{"rendered":"\n<p>Roma, 18 Feb 2021 - \"I 15 senatori che hanno votato no alla fiducia saranno espulsi\". Lo afferma il capo politico M5s, Vito Crimi, in un post su Facebook.<\/p>\n\n\n\n<p>\"Mercoled\u00ec al Senato il Movimento 5 Stelle ha votato s\u00ec&nbsp;- spiega -. Non lo ha fatto a cuor leggero, \u00e8&nbsp;evidente. Ma lo ha fatto. Lo ha fatto con coerenza, nel rispetto dell'orientamento emerso in seguito all'ultima consultazione, dove la maggioranza dei nostri iscritti si \u00e8&nbsp;espressa a favore\".<\/p>\n\n\n\n<p>Secondo il quasi ex capo politico del Movimento 5 stelle, \"quello di chi ha votato s\u00ec \u00e8 un voto unitario, una responsabilit\u00e0&nbsp;collettiva, non del singolo. I compromessi con s\u00e9 stessi, con i propri credo, convinzioni e valori, sono quelli pi\u00f9 difficili. Riuscire ad affrontarli e sostenerli per il bene di un Paese che sta vivendo il momento pi\u00f9 difficile della sua storia recente non \u00e8 una sconfitta, \u00e8 un valore aggiunto in termini di etica e dignit\u00e0\".&nbsp;<\/p>\n\n\n\n<p>\u201cPer tale motivo non potranno pi\u00f9 far parte del gruppo parlamentare del Movimento al Senato - prosegue Crimi -. Ho dunque invitato il capogruppo a comunicare il loro allontanamento, ai sensi dello Statuto e del regolamento del gruppo. Sono consapevole che questa decisione non piacer\u00e0 a qualcuno, ma se si pretende rispetto per chi la pensa diversamente, lo stesso rispetto si deve a chi mette da parte le proprie posizioni personali e contribuisce al lavoro di un gruppo che non ha altro obiettivo che quello di servire i cittadini e il Paese\".&nbsp;<\/p>\n\n\n\n<p>\"Apprendo che \u00e8 stata avviata la procedura di espulsione nei miei confronti. Sono molto scosso da questa decisione, ora voglio riflettere. Mi sento M5s nel sangue\". Lo scrive su Facebook il senatore Cinquestelle, Nicola Morra,&nbsp;tra i 15 a votare no alla fiducia al governo Draghi.<\/p>\n","protected":false},"excerpt":{"rendered":"<p>Roma, 18 Feb 2021 &#8211; &#8220;I 15 senatori che hanno votato no alla fiducia saranno espulsi&#8221;. Lo afferma il capo politico M5s, Vito Crimi, in&#8230;<\/p>\n","protected":false},"author":2,"featured_media":201788,"comment_status":"closed","ping_status":"open","sticky":false,"template":"","format":"standard","meta":[],"categories":[49,51],"tags":[],"_links":{"self":[{"href":"https:\/\/www.cronacaonline.it\/index.php\/wp-json\/wp\/v2\/posts\/202541"}],"collection":[{"href":"https:\/\/www.cronacaonline.it\/index.php\/wp-json\/wp\/v2\/posts"}],"about":[{"href":"https:\/\/www.cronacaonline.it\/index.php\/wp-json\/wp\/v2\/types\/post"}],"author":[{"embeddable":true,"href":"https:\/\/www.cronacaonline.it\/index.php\/wp-json\/wp\/v2\/users\/2"}],"replies":[{"embeddable":true,"href":"https:\/\/www.cronacaonline.it\/index.php\/wp-json\/wp\/v2\/comments?post=202541"}],"version-history":[{"count":1,"href":"https:\/\/www.cronacaonline.it\/index.php\/wp-json\/wp\/v2\/posts\/202541\/revisions"}],"predecessor-version":[{"id":202542,"href":"https:\/\/www.cronacaonline.it\/index.php\/wp-json\/wp\/v2\/posts\/202541\/revisions\/202542"}],"wp:featuredmedia":[{"embeddable":true,"href":"https:\/\/www.cronacaonline.it\/index.php\/wp-json\/wp\/v2\/media\/201788"}],"wp:attachment":[{"href":"https:\/\/www.cronacaonline.it\/index.php\/wp-json\/wp\/v2\/media?parent=202541"}],"wp:term":[{"taxonomy":"category","embeddable":true,"href":"https:\/\/www.cronacaonline.it\/index.php\/wp-json\/wp\/v2\/categories?post=202541"},{"taxonomy":"post_tag","embeddable":true,"href":"https:\/\/www.cronacaonline.it\/index.php\/wp-json\/wp\/v2\/tags?post=202541"}],"curies":[{"name":"wp","href":"https:\/\/api.w.org\/{rel}","templated":true}]}}