{"id":202532,"date":"2021-02-18T10:38:08","date_gmt":"2021-02-18T09:38:08","guid":{"rendered":"https:\/\/www.cronacaonline.it\/?p=202532"},"modified":"2021-02-18T10:38:09","modified_gmt":"2021-02-18T09:38:09","slug":"giovanissimo-pregiudicato-di-20-anni-di-cagliari-ma-residente-a-villasimius-arrestato-dai-carabinieri-del-paese-costiero-per-evasione-dagli-arresti-domiciliari","status":"publish","type":"post","link":"https:\/\/www.cronacaonline.it\/index.php\/2021\/02\/18\/giovanissimo-pregiudicato-di-20-anni-di-cagliari-ma-residente-a-villasimius-arrestato-dai-carabinieri-del-paese-costiero-per-evasione-dagli-arresti-domiciliari\/","title":{"rendered":"Giovanissimo pregiudicato di 20 anni di Cagliari ma residente a Villasimius arrestato dai carabinieri del paese costiero per evasione dagli arresti domiciliari."},"content":{"rendered":"\n<p>Villasimius (Ca), 18 Feb 2021 - Ieri i carabinieri della Stazione di Villasimius, nel corso di un normale servizio di controllo del territorio, hanno arrestato per il reato di evasione dagli arresti domiciliari, un 20enne cagliaritano, residente a Sestu, di fatto domiciliato a Villasimius, ben conosciuto dalle forze dell\u2019ordine nonostante la giovane et\u00e0 e attualmente sottoposto alla misura cautelare degli arresti domiciliari.<\/p>\n\n\n\n<p>Il ragazzo \u00e8 stato sorpreso dai militari a Villasimius in Via del Mare, all'interno dell'Ufficio Postale mentre violava di fatto gli obblighi della misura cautelare alla quale \u00e8 sottoposto. In realt\u00e0 era stato regolarmente autorizzato dalla competente Autorit\u00e0 Giudiziaria ad uscire di casa, dalle ore 07:45 di ieri per il tempo strettamente necessario per prendere alle ore 08:10, nella via Cagliari di Villasimius, il pullman Arst che lo avrebbe condotto a Cagliari, dove era convocato per un\u2019udienza a suo carico. Di fatto per\u00f2 egli non aveva ottemperato alla facolt\u00e0 concessagli di lasciare il luogo di detenzione esclusivamente per presenziare al dibattimento e recarsi presso il Tribunale di Cagliari nelle modalit\u00e0 prescritte. Invece ha utilizzato il \u201cpermesso\u201d attribuitogli per andarsene in giro.<\/p>\n\n\n\n<p>Quando \u00e8 stato fermato per il controllo il giovane ha presentato loro il documento sperando di essere giustificato ma il permesso purtroppo pe lui, non era stato utilizzato per le finalit\u00e0 chiaramente indicate nel permesso e non genericamente per prendersi una vitalizzante pausa nel regime di detenzione.<\/p>\n\n\n\n<p>L'arrestato, come disposto dall\u2019A.G., immediatamente informata dei fatti, \u00e8 stato riaccompagnato dai carabinieri presso il proprio domicilio dove rimarr\u00e0 ancora in regime di arresti domiciliari, in attesa di essere condotto davanti al giudice unico presso il Tribunale di Cagliari che lo sottoporr\u00e0 alla direttissima.<\/p>\n","protected":false},"excerpt":{"rendered":"<p>Villasimius (Ca), 18 Feb 2021 &#8211; Ieri i carabinieri della Stazione di Villasimius, nel corso di un normale servizio di controllo del territorio, hanno arrestato&#8230;<\/p>\n","protected":false},"author":2,"featured_media":202533,"comment_status":"closed","ping_status":"open","sticky":false,"template":"","format":"standard","meta":[],"categories":[49,55],"tags":[],"_links":{"self":[{"href":"https:\/\/www.cronacaonline.it\/index.php\/wp-json\/wp\/v2\/posts\/202532"}],"collection":[{"href":"https:\/\/www.cronacaonline.it\/index.php\/wp-json\/wp\/v2\/posts"}],"about":[{"href":"https:\/\/www.cronacaonline.it\/index.php\/wp-json\/wp\/v2\/types\/post"}],"author":[{"embeddable":true,"href":"https:\/\/www.cronacaonline.it\/index.php\/wp-json\/wp\/v2\/users\/2"}],"replies":[{"embeddable":true,"href":"https:\/\/www.cronacaonline.it\/index.php\/wp-json\/wp\/v2\/comments?post=202532"}],"version-history":[{"count":1,"href":"https:\/\/www.cronacaonline.it\/index.php\/wp-json\/wp\/v2\/posts\/202532\/revisions"}],"predecessor-version":[{"id":202534,"href":"https:\/\/www.cronacaonline.it\/index.php\/wp-json\/wp\/v2\/posts\/202532\/revisions\/202534"}],"wp:featuredmedia":[{"embeddable":true,"href":"https:\/\/www.cronacaonline.it\/index.php\/wp-json\/wp\/v2\/media\/202533"}],"wp:attachment":[{"href":"https:\/\/www.cronacaonline.it\/index.php\/wp-json\/wp\/v2\/media?parent=202532"}],"wp:term":[{"taxonomy":"category","embeddable":true,"href":"https:\/\/www.cronacaonline.it\/index.php\/wp-json\/wp\/v2\/categories?post=202532"},{"taxonomy":"post_tag","embeddable":true,"href":"https:\/\/www.cronacaonline.it\/index.php\/wp-json\/wp\/v2\/tags?post=202532"}],"curies":[{"name":"wp","href":"https:\/\/api.w.org\/{rel}","templated":true}]}}