{"id":202277,"date":"2021-02-12T19:09:57","date_gmt":"2021-02-12T18:09:57","guid":{"rendered":"https:\/\/www.cronacaonline.it\/?p=202277"},"modified":"2021-02-12T19:09:59","modified_gmt":"2021-02-12T18:09:59","slug":"il-presidente-incaricato-alle-19-di-oggi-da-mattarella-con-la-lista-dei-ministri-probabile-giuramento-entro-domani-o-domenica-mattina","status":"publish","type":"post","link":"https:\/\/www.cronacaonline.it\/index.php\/2021\/02\/12\/il-presidente-incaricato-alle-19-di-oggi-da-mattarella-con-la-lista-dei-ministri-probabile-giuramento-entro-domani-o-domenica-mattina\/","title":{"rendered":"Il presidente incaricato alle 19 di oggi da Mattarella con la lista dei ministri. Probabile giuramento entro domani o domenica mattina."},"content":{"rendered":"\n<p><strong>Roma, 12 Feb 2021 \u2013 Il presidente del Consiglio incaricato per la formazione di un nuovo governo, Mario Draghi, a momenti andr\u00e0 dal presidente Mattarella davanti al quale scioglier\u00e0 la riserva e dopo il colloquio con il capo della stato legger\u00e0 la lista dei ministri.<\/strong><\/p>\n\n\n\n<p><strong>In serata, secondo alcune anticipazione fatte dal Corriere della Sera, faranno parte del nuovo governo ne faranno parte, ma alcuni ministri sono stati riconfermati, come<\/strong><\/p>\n\n\n\n<p>Ministro della Cultura: <strong>Dario Franceschini.<\/strong><br><br>Ministro del Lavoro: <strong>Andrea Orlando.<\/strong><br><br>Ministra della Giustizia: <strong>Marta Cartabia<\/strong>.<br><br><\/p>\n\n\n\n<p>Ministra dell\u2019Interno: <strong>Luciana Lamorgese.<\/strong><\/p>\n","protected":false},"excerpt":{"rendered":"<p>Roma, 12 Feb 2021 \u2013 Il presidente del Consiglio incaricato per la formazione di un nuovo governo, Mario Draghi, a momenti andr\u00e0 dal presidente Mattarella&#8230;<\/p>\n","protected":false},"author":2,"featured_media":202278,"comment_status":"closed","ping_status":"open","sticky":false,"template":"","format":"standard","meta":[],"categories":[49,51],"tags":[],"_links":{"self":[{"href":"https:\/\/www.cronacaonline.it\/index.php\/wp-json\/wp\/v2\/posts\/202277"}],"collection":[{"href":"https:\/\/www.cronacaonline.it\/index.php\/wp-json\/wp\/v2\/posts"}],"about":[{"href":"https:\/\/www.cronacaonline.it\/index.php\/wp-json\/wp\/v2\/types\/post"}],"author":[{"embeddable":true,"href":"https:\/\/www.cronacaonline.it\/index.php\/wp-json\/wp\/v2\/users\/2"}],"replies":[{"embeddable":true,"href":"https:\/\/www.cronacaonline.it\/index.php\/wp-json\/wp\/v2\/comments?post=202277"}],"version-history":[{"count":1,"href":"https:\/\/www.cronacaonline.it\/index.php\/wp-json\/wp\/v2\/posts\/202277\/revisions"}],"predecessor-version":[{"id":202279,"href":"https:\/\/www.cronacaonline.it\/index.php\/wp-json\/wp\/v2\/posts\/202277\/revisions\/202279"}],"wp:featuredmedia":[{"embeddable":true,"href":"https:\/\/www.cronacaonline.it\/index.php\/wp-json\/wp\/v2\/media\/202278"}],"wp:attachment":[{"href":"https:\/\/www.cronacaonline.it\/index.php\/wp-json\/wp\/v2\/media?parent=202277"}],"wp:term":[{"taxonomy":"category","embeddable":true,"href":"https:\/\/www.cronacaonline.it\/index.php\/wp-json\/wp\/v2\/categories?post=202277"},{"taxonomy":"post_tag","embeddable":true,"href":"https:\/\/www.cronacaonline.it\/index.php\/wp-json\/wp\/v2\/tags?post=202277"}],"curies":[{"name":"wp","href":"https:\/\/api.w.org\/{rel}","templated":true}]}}