{"id":202012,"date":"2021-02-08T08:29:34","date_gmt":"2021-02-08T07:29:34","guid":{"rendered":"https:\/\/www.cronacaonline.it\/?p=202012"},"modified":"2021-02-08T08:29:36","modified_gmt":"2021-02-08T07:29:36","slug":"governo-conte-si-a-draghi-ma-m5s-sia-ago-della-bilancia","status":"publish","type":"post","link":"https:\/\/www.cronacaonline.it\/index.php\/2021\/02\/08\/governo-conte-si-a-draghi-ma-m5s-sia-ago-della-bilancia\/","title":{"rendered":"Governo. Conte: s\u00ec a Draghi, ma M5s sia ago della bilancia."},"content":{"rendered":"\n<p>Roma, 8 Feb 2021 - Il Movimento 5 stelle ha riunito in serata i parlamentari in un'assemblea congiunta dei gruppi di Camera e Senato per fare il punto dopo il primo giro di consultazioni con il presidente del Consiglio incaricato Mario Draghi. Quella di Giuseppe Conte \u00e8 stata la voce pi\u00f9 attesa dell'incontro: conferma il suo sostegno all'ex governatore e disegna il proprio futuro, all'interno del movimento.<\/p>\n\n\n\n<p>\"\u00c8 stato Draghi che ha posto le basi per supere le politiche di austerit\u00e0, \u00e8 un interlocutore da prendere in seria considerazione. Certo, alcuni di voi potevano pensare che l'incarico potesse andare ad un altro: ma ora dobbiamo fare i conti con la realt\u00e0 di questa fase storica\". \"Abbiamo una missione, siamo l'ago della bilancia, siamo il partito di maggioranza relativa che deve far sentire il suo peso\" ha aggiunto il premier uscente e su un suo ipotetico ruolo nel prossimo governo Draghi si schermisce: \"anche Grillo l'ha detto con generosit\u00e0: ci sentiamo garantiti se ci sarai ancora tu al governo. Ma sarebbe sbagliato\". Conte ha poi invitato il Movimento a tracciare una differenza tra gli alleati che si sono mostrati \"leali\" (sottinteso Pd e Leu), e quelli che \"hanno voltato le spalle\" e ora cercano di \"trarre vantaggio\" dalla situazione politica (sottinteso la Lega di Matteo Salvini).<\/p>\n\n\n\n<p>L'obiettivo dell'assemblea era di contenere la 'fronda' dei contrari al sostegno a un esecutivo guidato da Draghi, un gruppo abbastanza consistente soprattutto a Palazzo Madama, dove si contano una ventina di senatori che gi\u00e0 si sono espressi apertamente. Si attende quindi il secondo giro di consultazioni (l'incontro con i vertici pentastellati \u00e8 in programma domani pomeriggio), in cui il premier incaricato dovrebbe illustrare il programma di governo. Dopodich\u00e9, il Movimento dovrebbe affidare la decisione definitiva al voto degli iscritti, sulla piattaforma Rousseau (peraltro gi\u00e0 convocati il 9 e il 10 per le modifiche allo statuto necessarie per dare il via alla nuova organizzazione interna). Come atteso tra i pi\u00f9 critici, i senatori Barbara Lezzi e Danilo Toninelli. Se sosterr\u00e0 il governo Draghi, il Movimento \"si suicidera'\", ha affermato l'ex ministra per il Sud. Mentre l'ex titolare delle Infrastrutture ha sostenuto che per lui \u00e8 meglio stare all'opposizione che al governo con Forza Italia.<\/p>\n","protected":false},"excerpt":{"rendered":"<p>Roma, 8 Feb 2021 &#8211; Il Movimento 5 stelle ha riunito in serata i parlamentari in un&#8217;assemblea congiunta dei gruppi di Camera e Senato per&#8230;<\/p>\n","protected":false},"author":2,"featured_media":201881,"comment_status":"closed","ping_status":"open","sticky":false,"template":"","format":"standard","meta":[],"categories":[49,51],"tags":[],"_links":{"self":[{"href":"https:\/\/www.cronacaonline.it\/index.php\/wp-json\/wp\/v2\/posts\/202012"}],"collection":[{"href":"https:\/\/www.cronacaonline.it\/index.php\/wp-json\/wp\/v2\/posts"}],"about":[{"href":"https:\/\/www.cronacaonline.it\/index.php\/wp-json\/wp\/v2\/types\/post"}],"author":[{"embeddable":true,"href":"https:\/\/www.cronacaonline.it\/index.php\/wp-json\/wp\/v2\/users\/2"}],"replies":[{"embeddable":true,"href":"https:\/\/www.cronacaonline.it\/index.php\/wp-json\/wp\/v2\/comments?post=202012"}],"version-history":[{"count":1,"href":"https:\/\/www.cronacaonline.it\/index.php\/wp-json\/wp\/v2\/posts\/202012\/revisions"}],"predecessor-version":[{"id":202013,"href":"https:\/\/www.cronacaonline.it\/index.php\/wp-json\/wp\/v2\/posts\/202012\/revisions\/202013"}],"wp:featuredmedia":[{"embeddable":true,"href":"https:\/\/www.cronacaonline.it\/index.php\/wp-json\/wp\/v2\/media\/201881"}],"wp:attachment":[{"href":"https:\/\/www.cronacaonline.it\/index.php\/wp-json\/wp\/v2\/media?parent=202012"}],"wp:term":[{"taxonomy":"category","embeddable":true,"href":"https:\/\/www.cronacaonline.it\/index.php\/wp-json\/wp\/v2\/categories?post=202012"},{"taxonomy":"post_tag","embeddable":true,"href":"https:\/\/www.cronacaonline.it\/index.php\/wp-json\/wp\/v2\/tags?post=202012"}],"curies":[{"name":"wp","href":"https:\/\/api.w.org\/{rel}","templated":true}]}}