{"id":202009,"date":"2021-02-08T08:11:42","date_gmt":"2021-02-08T07:11:42","guid":{"rendered":"https:\/\/www.cronacaonline.it\/?p=202009"},"modified":"2021-02-08T08:11:43","modified_gmt":"2021-02-08T07:11:43","slug":"covid-cambia-litalia-a-colori-17-regioni-in-giallo","status":"publish","type":"post","link":"https:\/\/www.cronacaonline.it\/index.php\/2021\/02\/08\/covid-cambia-litalia-a-colori-17-regioni-in-giallo\/","title":{"rendered":"Covid: cambia l&#8217;Italia a colori, 17 regioni in giallo."},"content":{"rendered":"\n<p>Roma, 8 Feb 2021 - Diciassette regioni in giallo, quattro in arancione, nessuna in rosso e nessuna in bianco. \u00c8 il nuovo quadro dell'Italia a colori, da luned\u00ec 8 febbraio, sul fronte della lotta alla pandemia, dopo le ultime valutazioni del Comitato tecnico scientifico.<\/p>\n\n\n\n<p>&nbsp;Preoccupano, per\u00f2, le varianti Covid e anche gli assembramenti, registrati nelle ultime ore soprattutto nei luoghi di ritrovo e dello shopping delle grandi citt\u00e0 (anche ieri a Roma e in altri centri alcune zone sono state chiuse a causa dell'alto numero di persone presenti). E proprio le varianti e i nuovi contagi causati soprattutto da assembramenti hanno portato diversi amministratori ad una serie di provvedimenti in vigore da domani, luned\u00ec 8 febbraio.<\/p>\n\n\n\n<p>In Alto Adige il presidente della Provincia autonoma di Bolzano, Arno Kompatscher, ha confermato che da luned\u00ec 8 a domenica 28 febbraio sar\u00e0 attuato il regime di confinamento duro. Oltre a bar e ristoranti, gi\u00e0 chiusi, da luned\u00ec serrande abbassate anche per i negozi al dettaglio, non sar\u00e0 possibile la mobilit\u00e0 tra Comuni se non per motivi di lavoro e salute, e la scuola superiore di secondo grado sar\u00e0 al 100% a distanza. Prima infanzia e asili resteranno aperti mentre scuole elementari e medie chiuderanno dal 10 febbraio per poi riaprire in presenza il giorno 22. Dal 13 al 21 febbraio in Alto Adige le scuole saranno chiuse per le tradizionali vacanze di Carnevale.<\/p>\n\n\n\n<p>Tutta la provincia di Perugia, e sei comuni in provincia di Terni, invece, entreranno in zona rossa luned\u00ec. La presidente della Regione Umbria, Donatella Tesei, ha firmato l'ordinanza che rimarr\u00e0 in vigore fino al 21 febbraio, dopo una riunione in cui ha illustrato il provvedimento ai sindaci dei comuni coinvolti.<\/p>\n\n\n\n<p>Si tratta delle misure di fascia rossa prevista dal dpcm del 14 gennaio, \"rafforzata\" da ulteriori strette. La decisione \u00e8 stata presa \"alla luce dell'aumento del numero di casi Covid in alcuni territori umbri, nonch\u00e9 l'accertata circolazione nel territorio regionale di due varianti del virus\".<\/p>\n\n\n\n<p>I comuni che entreranno in zona rossa in provincia di Terni sono Amelia, Attigliano, Calvi dell'Umbria, Lugnano in Teverina, Montegabbione e San Venanzo. Il restante territorio regionale rimarr\u00e0 in zona arancione. L'ordinanza regionale, oltre alle norme della fascia rossa, prevede che \"nei comuni specificati saranno sospesi tutti i servizi socio-educativi per la prima infanzia - fino a 36 mesi di et\u00e0 - pubblici e privati e i servizi educativi delle scuole dell'infanzia, statali e paritarie, mentre le classi delle scuole primarie, secondarie di primo e secondo grado, statali e paritarie, svolgeranno esclusivamente le lezioni con modalit\u00e0 a distanza (Dad). Resta salva la possibilit\u00e0 di svolgere attivit\u00e0 in presenza - si legge nel testo - qualora sia necessario l'uso di laboratori o in ragione di mantenere una relazione educativa che realizzi l'effettiva inclusione scolastica degli alunni con disabilit\u00e0 e con bisogni educativi speciali\".<\/p>\n\n\n\n<p>In zona rossa da domani anche ventisette comuni del Basso Molise: lo ha deciso il presidente della Regione, Donato Toma, con una ordinanza su indicazione dell'Asrem. La decisione \u00e8 stata presa dopo che nei giorni scorsi altri piccoli comuni della zona erano gi\u00e0 finiti in regime ristretto. L'ambito \u00e8 quello del distretto sanitario di Termoli. In particolare, l'ordinanza riguarda i territori comunali di Termoli, Acquaviva Collecroce, Casacalenda, Castelmauro, Civitacampomarano, Colletorto, Guardialfiera, Guglionesi, Larino, Mafalda, Montecilfone, Montefalcone del Sannio, Montemitro, Montenero di Bisaccia, Montorio nei Frentani, Palata, Petacciato, Portocannone, Ripabottoni, Rotello, San Felice del Molise, San Giacomo degli Schiavoni, San Giuliano di Puglia, San Martino in Pensilis, Santa Croce di Magliano, Tavenna e Ururi.<\/p>\n\n\n\n<p>Provvedimenti simili, sempre da luned\u00ec prossimo, anche in altri centri di diverse regioni, mentre in Abruzzo gli studenti delle scuole superiori di secondo grado torneranno alla didattica a distanza, mentre a Pescara lezioni in presenza sospese in tutte le scuole.<\/p>\n\n\n\n<p>Intanto, dopo due settimane di zona arancione, tra proteste e polemiche per un 'declassamento' ritenuto eccessivo (la Regione aveva presentato anche un ricorso al Tar), la Sardegna da luned\u00ec torna in giallo, con la possibilit\u00e0 per una serie di attivit\u00e0 commerciali, in particolare bar e ristoranti, di riaprire i battenti anche se con l'orario di chiusura confermato alle 18.<\/p>\n\n\n\n<p>La nuova mappa da luned\u00ec 8 febbraio:<\/p>\n\n\n\n<p>Zona Gialla: Abruzzo, Basilicata, Calabria, Campania, Emilia Romagna, Friuli Venezia Giulia, Lazio, Liguria, Lombardia, Marche, Molise, Piemonte, Provincia autonoma di Trento, Sardegna, Toscana, Valle d'Aosta, Veneto.<\/p>\n\n\n\n<p>Zona Arancione: Provincia Autonoma di Bolzano, Puglia, Sicilia, Umbria.<\/p>\n\n\n\n<p>Zona Rossa: Nessuna regione.<\/p>\n\n\n\n<p>Zona Bianca: Nessuna regione.<\/p>\n","protected":false},"excerpt":{"rendered":"<p>Roma, 8 Feb 2021 &#8211; Diciassette regioni in giallo, quattro in arancione, nessuna in rosso e nessuna in bianco. \u00c8 il nuovo quadro dell&#8217;Italia a&#8230;<\/p>\n","protected":false},"author":2,"featured_media":202010,"comment_status":"closed","ping_status":"open","sticky":false,"template":"","format":"standard","meta":[],"categories":[49,51],"tags":[],"_links":{"self":[{"href":"https:\/\/www.cronacaonline.it\/index.php\/wp-json\/wp\/v2\/posts\/202009"}],"collection":[{"href":"https:\/\/www.cronacaonline.it\/index.php\/wp-json\/wp\/v2\/posts"}],"about":[{"href":"https:\/\/www.cronacaonline.it\/index.php\/wp-json\/wp\/v2\/types\/post"}],"author":[{"embeddable":true,"href":"https:\/\/www.cronacaonline.it\/index.php\/wp-json\/wp\/v2\/users\/2"}],"replies":[{"embeddable":true,"href":"https:\/\/www.cronacaonline.it\/index.php\/wp-json\/wp\/v2\/comments?post=202009"}],"version-history":[{"count":1,"href":"https:\/\/www.cronacaonline.it\/index.php\/wp-json\/wp\/v2\/posts\/202009\/revisions"}],"predecessor-version":[{"id":202011,"href":"https:\/\/www.cronacaonline.it\/index.php\/wp-json\/wp\/v2\/posts\/202009\/revisions\/202011"}],"wp:featuredmedia":[{"embeddable":true,"href":"https:\/\/www.cronacaonline.it\/index.php\/wp-json\/wp\/v2\/media\/202010"}],"wp:attachment":[{"href":"https:\/\/www.cronacaonline.it\/index.php\/wp-json\/wp\/v2\/media?parent=202009"}],"wp:term":[{"taxonomy":"category","embeddable":true,"href":"https:\/\/www.cronacaonline.it\/index.php\/wp-json\/wp\/v2\/categories?post=202009"},{"taxonomy":"post_tag","embeddable":true,"href":"https:\/\/www.cronacaonline.it\/index.php\/wp-json\/wp\/v2\/tags?post=202009"}],"curies":[{"name":"wp","href":"https:\/\/api.w.org\/{rel}","templated":true}]}}