{"id":201787,"date":"2021-02-03T06:53:56","date_gmt":"2021-02-03T05:53:56","guid":{"rendered":"https:\/\/www.cronacaonline.it\/?p=201787"},"modified":"2021-02-03T06:53:57","modified_gmt":"2021-02-03T05:53:57","slug":"il-governo-del-presidente-guidato-dalluomo-di-fiducia-di-mattarella-parte-in-salita-subito-dopo-lannuncio-di-mattarella-arriva-veloce-il-no-del-m5s-ad-un-governo-non-politico","status":"publish","type":"post","link":"https:\/\/www.cronacaonline.it\/index.php\/2021\/02\/03\/il-governo-del-presidente-guidato-dalluomo-di-fiducia-di-mattarella-parte-in-salita-subito-dopo-lannuncio-di-mattarella-arriva-veloce-il-no-del-m5s-ad-un-governo-non-politico\/","title":{"rendered":"Il governo del Presidente guidato dall\u2019uomo di fiducia di Mattarella parte in salita: subito dopo l\u2019annuncio di Mattarella arriva veloce il No del M5s ad un governo non politico."},"content":{"rendered":"\n<p>Roma, 3 Feb 2021 - \u200bIl Movimento 5 stelle non voter\u00e0 la fiducia ad un esecutivo guidato da Mario Draghi. Lo annuncia Vito Crimi con un post su Facebook: \"Il Movimento 5 Stelle, gi\u00e0 durante le consultazioni, aveva rappresentato che l'unico governo possibile sarebbe stato un governo politico. Pertanto non voter\u00e0 per la nascita di un governo tecnico presieduto da Mario Draghi\".<\/p>\n\n\n\n<p>Nelle ore successive all'annuncio del Capo dello Stato che aveva convocato per oggi Mario Draghi, implicitamente per chiedergli di formare un governo dalla pi\u00f9 ampia base parlamentare possibile, il travaglio dei pentasellati era divampato. In parte era scontato il No del gruppo di parlamentari grillini che si riconosce nella linea Di Battista, da sempre contrario a Draghi, come il senatore Elio Lannutti uno dei primi ad esprimersi: \"Prima fu Monti. Oggi Draghi. Non governer\u00e0 col mio voto. Mi spiace\". E a ricordare come il Movimento 5 stelle \u00e8 \"contro i poteri forti\". Contro \"l'establishment\", per dirla con Toninelli. Contro \"l'apostolo delle elite\", per dirla con lo stesso Di Battista.<\/p>\n\n\n\n<p>\"Se qualcuno cerca scuse per manovre lacrime e sangue non trover\u00e0 il nostro appoggio\", sottolinea il ministro uscente Fabiana Dadone. \"Abbiamo detto che il M5s avrebbe sostenuto solo un esecutivo guidato da Giuseppe Conte. Su questo, con coerenza, andremo fino in fondo\", aggiunge l'ormai ex sottosegretario a palazzo Chigi Riccardo Fraccaro accompagnato dai \"no\" a Draghi che giungono da Roberta Lombardi, Michele Gubitosa o Luigi Gallo. L'obiettivo sembra quello di difendere Giuseppe Conte, puntare alle elezioni con il giurista pugliese a capo di una lista agganciata a M5s.<\/p>\n\n\n\n<p>Finora, a parlare, sono solo gli anti-Draghi. Se il M5s votasse compattamente contro il governo Draghi, a Palazzo Madama l'ex governatore della Bce non avrebbe la maggioranza, ma Di Maio non si \u00e8 pronunciato, e c'\u00e8 anche un'ala pentastellata orientata a rispondere favorevolmente al Capo dello Stato. Il dubbio per\u00f2 sta proprio nella compattezza del movimento. Nelle prossime ore inizier\u00e0 la conta, sar\u00e0 l'assemblea congiunta oggi a decidere la linea ufficiale dove, con ogni probabilit\u00e0, andr\u00e0 in scena la guerra fratricida tra i 5 stelle.<\/p>\n","protected":false},"excerpt":{"rendered":"<p>Roma, 3 Feb 2021 &#8211; \u200bIl Movimento 5 stelle non voter\u00e0 la fiducia ad un esecutivo guidato da Mario Draghi. Lo annuncia Vito Crimi con&#8230;<\/p>\n","protected":false},"author":2,"featured_media":201788,"comment_status":"closed","ping_status":"open","sticky":false,"template":"","format":"standard","meta":[],"categories":[49,51],"tags":[],"_links":{"self":[{"href":"https:\/\/www.cronacaonline.it\/index.php\/wp-json\/wp\/v2\/posts\/201787"}],"collection":[{"href":"https:\/\/www.cronacaonline.it\/index.php\/wp-json\/wp\/v2\/posts"}],"about":[{"href":"https:\/\/www.cronacaonline.it\/index.php\/wp-json\/wp\/v2\/types\/post"}],"author":[{"embeddable":true,"href":"https:\/\/www.cronacaonline.it\/index.php\/wp-json\/wp\/v2\/users\/2"}],"replies":[{"embeddable":true,"href":"https:\/\/www.cronacaonline.it\/index.php\/wp-json\/wp\/v2\/comments?post=201787"}],"version-history":[{"count":1,"href":"https:\/\/www.cronacaonline.it\/index.php\/wp-json\/wp\/v2\/posts\/201787\/revisions"}],"predecessor-version":[{"id":201789,"href":"https:\/\/www.cronacaonline.it\/index.php\/wp-json\/wp\/v2\/posts\/201787\/revisions\/201789"}],"wp:featuredmedia":[{"embeddable":true,"href":"https:\/\/www.cronacaonline.it\/index.php\/wp-json\/wp\/v2\/media\/201788"}],"wp:attachment":[{"href":"https:\/\/www.cronacaonline.it\/index.php\/wp-json\/wp\/v2\/media?parent=201787"}],"wp:term":[{"taxonomy":"category","embeddable":true,"href":"https:\/\/www.cronacaonline.it\/index.php\/wp-json\/wp\/v2\/categories?post=201787"},{"taxonomy":"post_tag","embeddable":true,"href":"https:\/\/www.cronacaonline.it\/index.php\/wp-json\/wp\/v2\/tags?post=201787"}],"curies":[{"name":"wp","href":"https:\/\/api.w.org\/{rel}","templated":true}]}}