{"id":201622,"date":"2021-01-30T17:18:49","date_gmt":"2021-01-30T16:18:49","guid":{"rendered":"https:\/\/www.cronacaonline.it\/?p=201622"},"modified":"2021-01-30T17:18:51","modified_gmt":"2021-01-30T16:18:51","slug":"crisi-di-governo-consultazioni-fico-che-renzi-vorrebbe-usare-per-sostituire-conte-al-via-con-m5s","status":"publish","type":"post","link":"https:\/\/www.cronacaonline.it\/index.php\/2021\/01\/30\/crisi-di-governo-consultazioni-fico-che-renzi-vorrebbe-usare-per-sostituire-conte-al-via-con-m5s\/","title":{"rendered":"Crisi di governo, consultazioni Fico, che Renzi vorrebbe usare per sostituire Conte, al via con M5s."},"content":{"rendered":"\n<p>Roma, 30 Gen 2021 - Con in tasca il mandato esplorativo, che il presidente della Repubblica Sergio Mattarella gli ha conferito ieri sera, il presidente della Camera Roberto Fico inizia oggi pomeriggio il giro delle sue consultazioni.<\/p>\n\n\n\n<p>Si inizia alle 16 con il Movimento 5 Stelle. La delegazione \u00e8 composta dal capo politico Vito Crimi e dai capigruppo e vicecapogruppo di Camera e Senato. Poi sar\u00e0 la volta di Pd (17.20), Iv (18.40) e Leu (20).<\/p>\n\n\n\n<p>Domani, domenica 31 gennaio, alle 10 vedr\u00e0 il Gruppo parlamentare \"Europeisti - Maie - Centro Democratico\" del Senato della Repubblica; ore 11.20 - Gruppo Parlamentare \"Per le Autonomie (Svp-Patt, Uv)\" del Senato della Repubblica; ore 12.40 - Gruppo Parlamentare Misto della Camera dei deputati limitatamente alle Componenti che fanno riferimento alla maggioranza: Centro Democratico- Italiani in Europa; Maie-Movimento associativo Italiani all'estero-Psi; Minoranze linguistiche; ore 14 - Gruppo Parlamentare Misto del Senato della Repubblica limitatamente ai componenti che fanno riferimento alla maggioranza.<\/p>\n\n\n\n<p>\"Le delegazioni potranno rilasciare dichiarazioni alla stampa nella Sala della Regina. In sala le presenze saranno contingentate a causa della emergenza sanitaria e, a tal fine, i giornalisti presenti potranno essere al massimo 18 per ciascuna fase delle consultazioni\". Si legge in una nota della Camera sulla consultazioni del presidente Roberto Fico.<\/p>\n\n\n\n<p>\"Di concerto con l'Associazione Stampa Parlamentare, si \u00e8 scelto quindi di effettuare un sorteggio tra le testate che abbiano iscritti all'Associazione stessa. La copertura audiovisiva sar\u00e0 garantita dalla Camera dei Deputati, attraverso le immagini messe a disposizione sulla webtv e sul canale satellitare. L'Ufficio stampa della Camera dei deputati, inoltre, fornir\u00e0 a tutte le testate e a tutti gli operatori che ne faranno richiesta fotografie e riprese video delle delegazioni e metter\u00e0 a disposizione questi materiali sui propri social network\".<\/p>\n\n\n\n<p>Il Presidente della camera \u00e8 alla seconda esperienza da 'esploratore' perch\u00e9 gi\u00e0 nel 2018 la legislatura inizi\u00f2 con l'esplorazione da parte sua e, allora, anche da parte della seconda, la presidente del Senato Elisabetta Alberti Casellati. Quest'ultima ieri sera \u00e8 stata contattata dal presidente della Repubblica che l'ha informata della decisione di affidare un mandato esplorativo a Fico.<\/p>\n\n\n\n<p>La missione di Fico \u00e8 tutta in salita e il tempo, pur nella necessit\u00e0 di fare presto nell'interesse del paese, sottolineata chiaramente dal Capo dello Stato, non \u00e8 tantissimo ma nemmeno poco e tutto da utilizzare per sciogliere i nodi della maggioranza che hanno portato, con le dimissioni della pattuglia di Italia Viva al governo, alla crisi. Il compito che Mattarella ha affidato a Fico, esponente di spicco del Movimento Cinquestelle, \u00e8 quello di sondare, verificare \"a partire dai gruppi che sostenevano il precedente governo\" la possibilit\u00e0 di una maggioranza parlamentare solida.<\/p>\n\n\n\n<p>\"Nei prossimi giorni sar\u00f2 impegnato in un confronto con queste forze politiche\" ha spiegato Fico dopo l'incontro al Quirinale, aggiungendo che \"\u00e8 un momento molto delicato per il Paese\" e \"siamo chiamati ad affrontarlo con la massima responsabilit\u00e0\".<\/p>\n\n\n\n<p>Il calendario delle consultazioni terr\u00e0 conto, appunto, del perimetro di forze politiche che hanno sostenuto il governo Conte due. Marted\u00ec Fico dovr\u00e0 salire nuovamente al Quirinale per riferire a Mattarella qual \u00e8 lo stato delle cose. Star\u00e0 al presidente della Repubblica valutare se ci sar\u00e0 la possibilit\u00e0 di un nuovo incarico al premier dimissionario Giuseppe Conte, o se, invece, scatter\u00e0 un piano B, con un'altra personalit\u00e0 incaricata e la possibilit\u00e0 di un governo del presidente. Appare meno quotata, al momento, l'ipotesi di elezioni anticipate.<\/p>\n\n\n\n<p>Ore cruciali dunque per il Presidente Fico con il M5s che si spacca sulla possibilit\u00e0 di una apertura a Renzi. Il Movimento ribadisce infatti la volont\u00e0 di un Conte ter e apre al confronto con i renziani, ma Alessandro Di Battista attacca: \"Mai con Renzi\". E non \u00e8 l'unico tra i grillini a praticare la strada dell'intransigenza. Barbara Lezzi incalza: \"Serve il voto degli iscritti\" e Nicola Morra annuncia: \"Vedr\u00f2 se restare nel Movimento\". Un invito a ricompattarsi arriva intanto da Vito Crimi: \"Ora patto di legislatura, non \u00e8 il momento dei veti\". Sul fronte di Iv, l'ex ministra Teresa Bellanova sottolinea: \"Nelle parole del presidente Mattarella indicazioni essenziali\". E accoglie positivamente la possibilit\u00e0 di un governo a guida Draghi. Il Pd resta sulle sue posizioni e conferma: disponibili a un governo Conte solido. Il centrodestra insiste per il voto, ma si \u00e8 pronti a valutare altro e si guarda alla saggezza del Colle.<\/p>\n\n\n\n<p>\"Ritengo Renzi responsabile di una crisi inaccettabile in un momento grave come quello della pandemia che stiamo vivendo. Nei prossimi giorni valuter\u00f2 se sar\u00e0 il caso di continuare la mia battaglia per il cambiamento. Non escludo per\u00f2 che si diano altri scenari e dovr\u00f2 valutarli con attenzione. Io vorrei rimanere a fare le mie battaglie in commissione Antimafia con Il Movimento. Spero che alcuni campanelli d'allarme possano condurre altri a nuovi scenari\". Lo dice il senatore M5S Nicola Morra, presidente della commissione parlamentare Antimafia, intervistato dal 'Corriere della Sera'.<\/p>\n\n\n\n<p>\"Ho letto su Repubblica una pagina di Concita De Gregorio, purtroppo ho visto solo l'eterno ritorno di una sinistra elitaria e radical chic che vuole sempre dare lezioni a tutti ma a noi ha lasciato macerie sulle quali stiamo ricostruendo\". Lo scrive su Fb il segretario del Pd, Nicola Zingaretti. \"Chi fa un comizio in diretta dopo le consultazione al Quirinale \u00e8 un esempio, chi rispetta quel luogo una nullit\u00e0. La prossima volta mi porto una chitarra. Che degrado. Ma ce la faremo anche questa volta\".<\/p>\n\n\n\n<p>\"Sosteniamo l'iniziativa assunta dal presidente Mattarella per superare la crisi di governo. Bisogna fare presto. C'\u00e8 una distanza ormai quasi insopportabile tra il sentimento degli italiani e le loro preoccupazioni quotidiane e un dibattito politico ai pi\u00f9 incomprensibile, chiuso in se stesso, in alcuni casi mosso da soli interessi personali o di partito. E' stato dato al presidente della camera Fico un mandato esplorativo. Lo aiuteremo a svolgere il suo lavoro con convinzione e responsabilit\u00e0.<\/p>\n\n\n\n<p>\"Il Pd ribadisce di indicare Conte come la sola personalit\u00e0 capace di raccogliere i consensi necessari. Egli ha ottenuto gi\u00e0 la fiducia piena alla Camera dei deputati e un sostegno amplissimo al Senato. Ha lavorato con noi ed \u00e8 in grado di garantire equilibrio e una immediata ripartenza. Occorre sviluppare in queste ore quel confronto programmatico richiesto da tutti e che noi ci auguriamo sia franco, approfondito e privo di strumentalit\u00e0 e di confusi diversivi e obiettivi politici. Mantenere la dignit\u00e0 della politica \u00e8 un tutt'uno con la ricostruzione di un governo ampio fondato su un programma vincolante e strategico. Se si perde la dignit\u00e0 della politica ogni obiettivo raggiunto nei fatti sarebbe vano\". Lo scrive sui social il segretario del Pd, Nicola Zingaretti.<\/p>\n\n\n\n<p>\"La nostra discussione cade nel pieno della crisi di governo. Partiamo dunque da qui, mandando dal Congresso i nostri auguri di buon lavoro al presidente della Camera Roberto Fico per il lavoro importante che lo aspetta nei prossimi giorni. Giorni delicati per ricucire le fila di una maggioranza parlamentare\". Lo ha affermato, aprendo le assise del partito, il portavoce nazionale di Sinistra italiana, Nicola Fratoianni.<\/p>\n\n\n\n<p>\"L'apertura di una crisi a freddo in questo momento - ha aggiunto - \u00e8 stata una scelta pericolosa e irresponsabile. Lo abbiamo ribadito pi\u00f9 volte ma questa affermazione non basta a spiegarne le ragioni e, dunque, a spiegare perch\u00e9 scegliamo di posizionarci a difesa di questa maggioranza e dello sforzo del presidente del Consiglio, Giuseppe Conte, di dar vita ad un nuovo governo in queste ore\".<\/p>\n\n\n\n<p>Andiamo per gradi. Intanto liberiamo il tavolo da tutte le criticit\u00e0 emerse in questi mesi e che la decisione delle nostre dimissioni ha consentito di far emergere alla luce del sole. E su quel tavolo costruiamo le ragioni del migliore punto di caduta nel solo interesse del Paese. Quanto abbiamo detto al Presidente Mattarella non \u00e8 una frase fatta: non mettiamo e non accettiamo veti.<\/p>\n\n\n\n<p>Costruiamo le premesse per un forte patto di fine legislatura e individuiamo i nomi migliori per incarnarlo. Adesso facciamo lavorare con la serenit\u00e0 necessaria il presidente Fico. Certo, poter eventualmente contare, se ce ne fossero le condizioni, su una personalit\u00e0 autorevole, competente e di prestigio come l'ex presidente della Bce, dovrebbe essere una ottima notizia per tutti\". Lo dice Teresa Bellanova, di Italia viva, intervistata da 'La Stampa'.<\/p>\n\n\n\n<p>\u00c8 stata convocata, intanto a quanto si apprende, una riunione dei parlamentari Iv con Matteo Renzi stasera (via zoom) alle 22 e 30, al termine della prima giornata di 'esplorazione' del presidente Roberto Fico.<\/p>\n\n\n\n<p>Per \"il doveroso rispetto che si deve al Capo dello Stato se dovesse decidere di non sciogliere le Camere, sarebbe giusto valutare, certo, ma da me non c'\u00e8 alcun cambio di linea. Non entrer\u00f2 mai in un governo con Pd e M5S, perch\u00e9 credo che all'Italia serva un governo forte, coeso, scelto dagli italiani col loro voto. Ho letto e sentito sfumature diverse, ma confido e spero che il centrodestra resti compatto\". Lo dice Giorgia Meloni, presidente di Fratelli d'Italia, in un'intervista al 'Corriere della Sera'.<\/p>\n\n\n\n<p>\"Le valutazioni - aggiunge - le faremo con serenit\u00e0 quando arriver\u00e0 il momento di farle, ma nessuno credo vorr\u00e0 avventurarsi in percorsi che non fanno bene all'Italia. \u00c8 gi\u00e0 accaduto che alcune forze prendessero strade diverse, poi abbiamo faticosamente ricucito. Certo, la speranza \u00e8 che non accada, perch\u00e9 poi \u00e8 difficile ritrovare la compattezza perduta\".<\/p>\n\n\n\n<p>\"Tra un Conte ter e le elezioni sinceramente anche io scelgo il ritorno alle urne. Sottoscrivo pure io: meglio impiegare due mesi per riportare gli italiani a votare ma poi insediare un governo solido, capace di durare cinque anni, anzich\u00e9 assistere a questo accanimento terapeutico. Il centrodestra ha fatto bene in questo primo giro a preservare l'unit\u00e0 della coalizione e a ritrovare compattezza sul veto al Conte ter. Dopo, dato che le elezioni si allontanano, credo che il centrodestra compirebbe un grave errore col chiudersi, arroccarsi sull'Aventino\". Lo dice Mara Carfagna, deputata di Forza Italia e vicepresidente della Camera, intervistata da 'La Repubblica'.<\/p>\n\n\n\n<p>\"Il gesto di vero patriottismo sarebbe quello di proporre un governo col sostegno dei migliori, che poi \u00e8 la soluzione nella quale si riconosce una parte consistente dell'elettorato di Forza Italia e Lega. Ma anche di Fratelli d'Italia, ne sono certa\". E \"chi meglio di\" Mario Draghi \"potrebbe dar vita a un governo di 'salvezza nazionale'?\".<\/p>\n","protected":false},"excerpt":{"rendered":"<p>Roma, 30 Gen 2021 &#8211; Con in tasca il mandato esplorativo, che il presidente della Repubblica Sergio Mattarella gli ha conferito ieri sera, il presidente&#8230;<\/p>\n","protected":false},"author":2,"featured_media":201623,"comment_status":"closed","ping_status":"open","sticky":false,"template":"","format":"standard","meta":[],"categories":[49,51],"tags":[],"_links":{"self":[{"href":"https:\/\/www.cronacaonline.it\/index.php\/wp-json\/wp\/v2\/posts\/201622"}],"collection":[{"href":"https:\/\/www.cronacaonline.it\/index.php\/wp-json\/wp\/v2\/posts"}],"about":[{"href":"https:\/\/www.cronacaonline.it\/index.php\/wp-json\/wp\/v2\/types\/post"}],"author":[{"embeddable":true,"href":"https:\/\/www.cronacaonline.it\/index.php\/wp-json\/wp\/v2\/users\/2"}],"replies":[{"embeddable":true,"href":"https:\/\/www.cronacaonline.it\/index.php\/wp-json\/wp\/v2\/comments?post=201622"}],"version-history":[{"count":1,"href":"https:\/\/www.cronacaonline.it\/index.php\/wp-json\/wp\/v2\/posts\/201622\/revisions"}],"predecessor-version":[{"id":201624,"href":"https:\/\/www.cronacaonline.it\/index.php\/wp-json\/wp\/v2\/posts\/201622\/revisions\/201624"}],"wp:featuredmedia":[{"embeddable":true,"href":"https:\/\/www.cronacaonline.it\/index.php\/wp-json\/wp\/v2\/media\/201623"}],"wp:attachment":[{"href":"https:\/\/www.cronacaonline.it\/index.php\/wp-json\/wp\/v2\/media?parent=201622"}],"wp:term":[{"taxonomy":"category","embeddable":true,"href":"https:\/\/www.cronacaonline.it\/index.php\/wp-json\/wp\/v2\/categories?post=201622"},{"taxonomy":"post_tag","embeddable":true,"href":"https:\/\/www.cronacaonline.it\/index.php\/wp-json\/wp\/v2\/tags?post=201622"}],"curies":[{"name":"wp","href":"https:\/\/api.w.org\/{rel}","templated":true}]}}