{"id":200762,"date":"2021-01-14T17:10:40","date_gmt":"2021-01-14T16:10:40","guid":{"rendered":"https:\/\/www.cronacaonline.it\/?p=200762"},"modified":"2021-01-14T17:10:42","modified_gmt":"2021-01-14T16:10:42","slug":"governo-crisi-al-buio-conte-al-quirinale-da-mattarella","status":"publish","type":"post","link":"https:\/\/www.cronacaonline.it\/index.php\/2021\/01\/14\/governo-crisi-al-buio-conte-al-quirinale-da-mattarella\/","title":{"rendered":"Governo, crisi al buio: Conte al Quirinale da Mattarella."},"content":{"rendered":"\n<p>Roma, 14 Gen 2021 - Il presidente del Consiglio, Giuseppe Conte, \u00e8 giunto da pochi minuti fa al Quirinale. Ore convulse sul destino del governo, il premier si reca dal presidente della Repubblica, Sergio Mattarella. Dopo le dimissioni delle ministre Iv, Bellanova e Bonetti, Conte potrebbe prendere l'interim del dicastero dell'Agricoltura. Per questo, serve un decreto del capo dello Stato. Le dimissioni delle due ministre dai ministeri dell'Agricoltura e della Famiglia, hanno infatti effetti diversi l'una dall'altra dal punto di vista procedurale. Il dicastero di Teresa Bellanova \u00e8\u00a0infatti un ministero con portafoglio, mentre quello di Elena Bonetti \u00e8\u00a0una delega del presidente del Consiglio che viene affidata a un ministro senza portafoglio. Per la Famiglia, dunque, Conte dovrebbe solo ritirare la delega. Il premier si reca al Quirinale con in tasca le rassicurazioni, oltre che del M5s, anche del Partito Democratico.\u00a0\"Vengo da una riunione del comitato politico del mio partito, \u00e8 chiaro che noi sosteniamo il presidente del Consiglio Conte, questi sono i paletti della nostra azione\" ha detto il ministro dell'Economia Roberto Gualtieri. \u201c\u00c8 inevitabile - ha aggiunto - che ci sar\u00e0 un passaggio parlamentare, \u00e8 giusto che il Parlamento sia protagonista di questi passaggi dove il nostro lavoro sar\u00e0 sempre mirato ad assicurare l'azione di governo necessaria al Paese in un momento cos\u00ec difficile\". Il vertice del centrodestra, nel frattempo, ha dato mandato ai tre leader di interloquire telefonicamente con il Quirinale per chiedere che Conte si presenti in tempi rapidi in Parlamento.<\/p>\n\n\n\n<p>Si cerca&nbsp;la risoluzione di una crisi che dovrebbe essere formalizzata con un passaggio del premier in Parlamento. Ancora da decidere i tempi, anche se da ieri risuona l'appello di Sergio Mattarella a \"uscire velocemente dall'incertezza\". In un primo momento il premier era intenzionato ad aspettare la prova in Aula sullo sforamento del bilancio che sar\u00e0 deciso questa sera dal Cdm. Ma il premier a diversi interlocutori della maggioranza ha anche ipotizzato di poter anticipare il passaggio della verifica parlamentare prima di mercoled\u00ec&nbsp;per comunicare le dimissioni avvenute delle ministre Iv, dunque l'interim per quanto riguarda il dicastero dell'Agricoltura e la delega per quel che riguarda la Famiglia. Ma sar\u00e0&nbsp;la riunione di capigruppo al Senato a decidere anche le modalit\u00e0. Ovvero se saranno comunicazioni, se \u00e8&nbsp;previsto un voto o meno. Italia Viva, qualora decidesse di schierarsi al fianco del centrodestra, potrebbe cambiare le regole del gioco ed essere determinante. In queste ore in ogni caso sono in corso delle trattative sui numeri, anche con i centristi.<\/p>\n\n\n\n<p>Trattative portate avanti a tutto campo, pure dai pentastellati che oggi hanno formalizzato la posizione espressa questa mattina da Di Maio, ovvero di non voler formare alcun governo insieme a Renzi. E sull'apporto del loro contributo da parte dei responsabili ha aperto anche il Pd, con Dario Franceschini che ha posto come condizione il fatto che la \"maggioranza di responsabili\" si formi \"alla luce del sole\" e \"in Parlamento\" senza vergognarsi.<\/p>\n\n\n\n<p>Con Conte si \u00e8&nbsp;schierata anche Leu, con Pierluigi Bersani che ha indicato nel premier un punto di equilibrio in Parlamento e per il Paese.&nbsp;Conte continua a ripetere a diversi 'big' della maggioranza di avere i numeri e di non volersi sottrarre a&nbsp;una verifica. La strada ipotizzata al momento sarebbe quella di un passaggio in Parlamento per chiedere la fiducia senza presentare le dimissioni, potendo poi contare sull'apporto di un gruppo di responsabili. \"Ho l'ufficio pieno di scatoloni, sto portando via le mie cose. Ne ho gi\u00e0 riempiti almeno una decina o dodici, anche se in tutto saranno una ventina. Devo ancora chiuderli...\". A raccontare il suo addio all'ufficio da ministra della Famiglia e delle Pari Opportunit\u00e0 \u00e8 Elena Bonetti, che oggi a Un Giorno da Pecora, su Radio1, \u00e8 intervenuta in collegamento video mostrando come stesse riordinando le sue cose nell'ormai ex stanza. \"Ho vissuto un'esperienza straordinaria per la quale posso dire solo grazie - ha detto Bonetti -, incoscienza so di aver fatto del mio meglio. L'approvazione del family act non rimarr\u00e0 un passaggio neutro in Italia\".&nbsp;\"Oggi sono andata a salutare e ringraziare i dipendenti del ministero, pi\u00f9 tardi chiuder\u00f2 l'ufficio e andr\u00f2 via\" spiega ancora Bonetti che alla domanda se il premier l'abbia chiamata per dirle che accettava le sue dimissioni risponde: \"No, ho letto un'agenzia, ma sono certa che arriver\u00e0 una comunicazione\". La crisi Il governo Conte bis arriva al capolinea.<\/p>\n","protected":false},"excerpt":{"rendered":"<p>Roma, 14 Gen 2021 &#8211; Il presidente del Consiglio, Giuseppe Conte, \u00e8 giunto da pochi minuti fa al Quirinale. Ore convulse sul destino del governo,&#8230;<\/p>\n","protected":false},"author":2,"featured_media":200715,"comment_status":"closed","ping_status":"open","sticky":false,"template":"","format":"standard","meta":[],"categories":[49,51],"tags":[],"_links":{"self":[{"href":"https:\/\/www.cronacaonline.it\/index.php\/wp-json\/wp\/v2\/posts\/200762"}],"collection":[{"href":"https:\/\/www.cronacaonline.it\/index.php\/wp-json\/wp\/v2\/posts"}],"about":[{"href":"https:\/\/www.cronacaonline.it\/index.php\/wp-json\/wp\/v2\/types\/post"}],"author":[{"embeddable":true,"href":"https:\/\/www.cronacaonline.it\/index.php\/wp-json\/wp\/v2\/users\/2"}],"replies":[{"embeddable":true,"href":"https:\/\/www.cronacaonline.it\/index.php\/wp-json\/wp\/v2\/comments?post=200762"}],"version-history":[{"count":1,"href":"https:\/\/www.cronacaonline.it\/index.php\/wp-json\/wp\/v2\/posts\/200762\/revisions"}],"predecessor-version":[{"id":200763,"href":"https:\/\/www.cronacaonline.it\/index.php\/wp-json\/wp\/v2\/posts\/200762\/revisions\/200763"}],"wp:featuredmedia":[{"embeddable":true,"href":"https:\/\/www.cronacaonline.it\/index.php\/wp-json\/wp\/v2\/media\/200715"}],"wp:attachment":[{"href":"https:\/\/www.cronacaonline.it\/index.php\/wp-json\/wp\/v2\/media?parent=200762"}],"wp:term":[{"taxonomy":"category","embeddable":true,"href":"https:\/\/www.cronacaonline.it\/index.php\/wp-json\/wp\/v2\/categories?post=200762"},{"taxonomy":"post_tag","embeddable":true,"href":"https:\/\/www.cronacaonline.it\/index.php\/wp-json\/wp\/v2\/tags?post=200762"}],"curies":[{"name":"wp","href":"https:\/\/api.w.org\/{rel}","templated":true}]}}