{"id":200622,"date":"2021-01-11T18:39:21","date_gmt":"2021-01-11T17:39:21","guid":{"rendered":"https:\/\/www.cronacaonline.it\/?p=200622"},"modified":"2021-01-11T18:39:22","modified_gmt":"2021-01-11T17:39:22","slug":"eurostat-il-tanto-vituperato-governo-conte-ha-portato-litalia-prima-in-ue-per-ripresa-nel-terzo-trimestre-2020","status":"publish","type":"post","link":"https:\/\/www.cronacaonline.it\/index.php\/2021\/01\/11\/eurostat-il-tanto-vituperato-governo-conte-ha-portato-litalia-prima-in-ue-per-ripresa-nel-terzo-trimestre-2020\/","title":{"rendered":"Eurostat, il tanto vituperato governo Conte ha portato l\u2019Italia prima in Ue per ripresa nel terzo trimestre 2020."},"content":{"rendered":"\n<p>Roma, 11 Gen 2021 - Mercato del lavoro europeo in ripresa nel terzo trimestre 2020. Nel periodo, rileva Eurostat, risultano occupate 188 milioni di persone nell'Ue e il tasso di occupazione tra i 20 e 64 anni si attesta al 72,4%, in aumento di 0,3 punti percentuali rispetto al 72,1% del secondo trimestre 2020.<\/p>\n\n\n\n<p>Si registrano invece 14,8 milioni di persone disoccupate.<\/p>\n\n\n\n<p>L'Italia registra il recupero pi\u00f9 significativo.&nbsp;Nel terzo trimestre del 2020 l'Italia \u00e8 stata la prima in Ue per ripresa nel mercato di lavoro con un calo di fragilit\u00e0 a -1,7%.&nbsp;<\/p>\n\n\n\n<p>L'Italia ha registrato anche il secondo maggiore aumento (dopo la Grecia) di numero di ore lavorate con un +28,3%. A contribuire alla&nbsp;ripresa \u00e8 stata la diminuzione di ferie forzate e cig.<\/p>\n\n\n\n<p>Le assenze dal lavoro (per ferie forzate o Cig) sono crollate dal 24,5% del secondo trimestre al 7% del terzo trimestre.<\/p>\n","protected":false},"excerpt":{"rendered":"<p>Roma, 11 Gen 2021 &#8211; Mercato del lavoro europeo in ripresa nel terzo trimestre 2020. Nel periodo, rileva Eurostat, risultano occupate 188 milioni di persone&#8230;<\/p>\n","protected":false},"author":2,"featured_media":4842,"comment_status":"closed","ping_status":"open","sticky":false,"template":"","format":"standard","meta":[],"categories":[49,51],"tags":[],"_links":{"self":[{"href":"https:\/\/www.cronacaonline.it\/index.php\/wp-json\/wp\/v2\/posts\/200622"}],"collection":[{"href":"https:\/\/www.cronacaonline.it\/index.php\/wp-json\/wp\/v2\/posts"}],"about":[{"href":"https:\/\/www.cronacaonline.it\/index.php\/wp-json\/wp\/v2\/types\/post"}],"author":[{"embeddable":true,"href":"https:\/\/www.cronacaonline.it\/index.php\/wp-json\/wp\/v2\/users\/2"}],"replies":[{"embeddable":true,"href":"https:\/\/www.cronacaonline.it\/index.php\/wp-json\/wp\/v2\/comments?post=200622"}],"version-history":[{"count":1,"href":"https:\/\/www.cronacaonline.it\/index.php\/wp-json\/wp\/v2\/posts\/200622\/revisions"}],"predecessor-version":[{"id":200623,"href":"https:\/\/www.cronacaonline.it\/index.php\/wp-json\/wp\/v2\/posts\/200622\/revisions\/200623"}],"wp:featuredmedia":[{"embeddable":true,"href":"https:\/\/www.cronacaonline.it\/index.php\/wp-json\/wp\/v2\/media\/4842"}],"wp:attachment":[{"href":"https:\/\/www.cronacaonline.it\/index.php\/wp-json\/wp\/v2\/media?parent=200622"}],"wp:term":[{"taxonomy":"category","embeddable":true,"href":"https:\/\/www.cronacaonline.it\/index.php\/wp-json\/wp\/v2\/categories?post=200622"},{"taxonomy":"post_tag","embeddable":true,"href":"https:\/\/www.cronacaonline.it\/index.php\/wp-json\/wp\/v2\/tags?post=200622"}],"curies":[{"name":"wp","href":"https:\/\/api.w.org\/{rel}","templated":true}]}}